{"id":679,"date":"2017-04-26T13:48:41","date_gmt":"2017-04-26T13:48:41","guid":{"rendered":"https:\/\/www.panelesach.com\/blog\/?p=551"},"modified":"2024-12-03T11:17:33","modified_gmt":"2024-12-03T10:17:33","slug":"hitos-historicos-de-la-arquitectura-en-espana","status":"publish","type":"post","link":"https:\/\/www.panelesach.com\/pt-pt\/hitos-historicos-de-la-arquitectura-en-espana\/","title":{"rendered":"Hitos hist\u00f3ricos de la arquitectura en Espa\u00f1a"},"content":{"rendered":"<p>&nbsp;<\/p>\n<p align=\"justify\">La arquitectura espa\u00f1ola ha sido referencia durante siglos para muchos arquitectos que se han nutrido de nuestras referencias. Y es que hay una larga lista de <strong>hitos hist\u00f3ricos de la arquitectura en Espa\u00f1<\/strong>a para fascinar a generaciones enteras.<\/p>\n<p>Como en todo, la arquitectura ha tenido una evoluci\u00f3n a lo largo de los siglos, y en nuestra arquitectura se ha visto reflejada, en gran medida por las influencias arquitect\u00f3nicas que han marcado las \u00e9pocas de la historia.<\/p>\n<blockquote><p>Para muchos, <strong>la arquitectura habla de las ciudades, de su historia y su pasado, y marca el transcurso de una sociedad<\/strong>. La arquitectura engloba cultura, arte y valores sociales, y la forma de insertarla en una ciudad determina en ocasiones el futuro de nuestras vidas.<\/p><\/blockquote>\n<p>En este art\u00edculo haremos un viaje en el tiempo por algunos de los hitos hist\u00f3ricos de la arquitectura en Espa\u00f1a, y veremos c\u00f3mo lo que en su momento se construy\u00f3 en la \u00e9poca de la prehistoria, ha influido en lo que actualmente conocemos como arquitectura contempor\u00e1nea del s.XXI. <\/p>\n<p><strong>PREHISTORIA (2.500.000 &#8211; 3.000 a. C)<\/strong><\/p>\n<p>En la conocida como Edad de Piedra, m\u00e1s concretamente en el megal\u00edtico, la construcci\u00f3n \u2018estrella\u2019 era el dolmen, una estructura sencilla formada con piedras que normalmente serv\u00eda como sepulcro colectivo.<\/p>\n<p>En <strong>Antequera<\/strong> se encuentran los <strong>d\u00f3lmenes<\/strong> m\u00e1s grandes de toda Europa. El mejor conservado de ellos es el conocido como<strong> la Cueva de Menga<\/strong>, donde se ha encontrado incluso un pozo en su interior, para un uso desconocido hasta el momento.<\/p>\n<figure id=\"attachment_554\" aria-describedby=\"caption-attachment-554\" style=\"width: 1000px\" class=\"wp-caption aligncenter\"><a href=\"https:\/\/panelesach.com\/blog\/wp-content\/uploads\/2017\/04\/shutterstock_442784356.jpg\" target=\"_blank\" rel=\"noopener\"><img fetchpriority=\"high\" decoding=\"async\" class=\"wp-image-554 size-full\" src=\"https:\/\/panelesach.com\/blog\/wp-content\/uploads\/2017\/04\/shutterstock_442784356.jpg\" alt=\"Los hitos hist\u00f3ricos de la arquitectura en Espa\u00f1a dolmen antequera\" width=\"1000\" height=\"667\" \/><\/a><figcaption id=\"caption-attachment-554\" class=\"wp-caption-text\">La Cueva de Menga, Antequera<\/figcaption><\/figure>\n<p>&nbsp;<\/p>\n<p><strong>\u00c9POCA ROMANA: HISPANIA (218 a.C)<\/strong><\/p>\n<p>Otro de los hitos hist\u00f3ricos de la arquitectura en Espa\u00f1a, sin duda es la gran influencia que la \u00e9poca romana marc\u00f3 en la forma de considerar las ciudades. La conquista romana de Hispania supuso la romanizaci\u00f3n de la Pen\u00ednsula Ib\u00e9rica casi al completo.<\/p>\n<p>Esta \u00e9poca nos dej\u00f3 joyas como el <strong>Acueducto de Segovia<\/strong>, construido a principios del s. II d.C. para conducir las aguas del manantial de la Fuenfr\u00eda. Su funci\u00f3n se ha mantenido durante siglos y, gracias probablemente a eso, ha llegado hasta hoy en perfecto estado. Hasta hace poco, prove\u00eda de agua a toda la ciudad de Segovia.<\/p>\n<figure id=\"attachment_555\" aria-describedby=\"caption-attachment-555\" style=\"width: 1000px\" class=\"wp-caption aligncenter\"><a href=\"https:\/\/panelesach.com\/blog\/wp-content\/uploads\/2017\/04\/shutterstock_285460673.jpg\" target=\"_blank\" rel=\"noopener\"><img decoding=\"async\" class=\"wp-image-555 size-full\" src=\"https:\/\/panelesach.com\/blog\/wp-content\/uploads\/2017\/04\/shutterstock_285460673.jpg\" alt=\"Los hitos hist\u00f3ricos de la arquitectura en Espa\u00f1a acueducto de segovia\" width=\"1000\" height=\"667\" \/><\/a><figcaption id=\"caption-attachment-555\" class=\"wp-caption-text\">Acueducto de Segovia<\/figcaption><\/figure>\n<p>&nbsp;<\/p>\n<p><strong>AL\u2013ANDALUS (711 \u2013 1.492)<\/strong><\/p>\n<p>La conquista musulmana de Hispania desemboc\u00f3 en la creaci\u00f3n de un Emirato independiente con capital en C\u00f3rdoba, convirti\u00e9ndose en la capital cultural de occidente.<\/p>\n<p>Una de las construcciones m\u00e1s importante de esta \u00e9poca fue la <strong>Mezquita de C\u00f3rdoba<\/strong>, construida durante varios reinados.<\/p>\n<figure id=\"attachment_556\" aria-describedby=\"caption-attachment-556\" style=\"width: 1000px\" class=\"wp-caption alignnone\"><a href=\"https:\/\/panelesach.com\/blog\/wp-content\/uploads\/2017\/04\/shutterstock_137864282-1.jpg\" target=\"_blank\" rel=\"noopener\"><img decoding=\"async\" class=\"size-full wp-image-556\" src=\"https:\/\/panelesach.com\/blog\/wp-content\/uploads\/2017\/04\/shutterstock_137864282-1.jpg\" alt=\"Los hitos hist\u00f3ricos de la arquitectura en Espa\u00f1a mezquita de c\u00f3rdoba\" width=\"1000\" height=\"667\" \/><\/a><figcaption id=\"caption-attachment-556\" class=\"wp-caption-text\">Mezquita de C\u00f3rdoba<\/figcaption><\/figure>\n<p>&nbsp;<\/p>\n<p>&nbsp;<\/p>\n<p><strong>ROM\u00c1NICO Y G\u00d3TICO (s. X \u2013 XVI)<\/strong><\/p>\n<p>La arquitectura rom\u00e1nica nos dej\u00f3 uno de los m\u00e1s importantes hitos hist\u00f3ricos de la arquitectura en Espa\u00f1a, la <strong>Catedral de Santiago de Compostela<\/strong>. El templo es uno de los principales destinos de peregrinaci\u00f3n de Europa trav\u00e9s del Camino de Santiago, una ruta en la que se segu\u00eda la estela de la V\u00eda L\u00e1ctea y comunicaba en cierta manera la pen\u00ednsula ib\u00e9rica con el resto de Europa.<\/p>\n<figure id=\"attachment_557\" aria-describedby=\"caption-attachment-557\" style=\"width: 1000px\" class=\"wp-caption aligncenter\"><a href=\"https:\/\/panelesach.com\/blog\/wp-content\/uploads\/2017\/04\/shutterstock_205694782.jpg\" target=\"_blank\" rel=\"noopener\"><img loading=\"lazy\" decoding=\"async\" class=\"size-full wp-image-557\" src=\"https:\/\/panelesach.com\/blog\/wp-content\/uploads\/2017\/04\/shutterstock_205694782.jpg\" alt=\"Los hitos hist\u00f3ricos de la arquitectura en Espa\u00f1a catedral de santiago de compostela\" width=\"1000\" height=\"666\" \/><\/a><figcaption id=\"caption-attachment-557\" class=\"wp-caption-text\">Catedral de Santiago de Compostela<\/figcaption><\/figure>\n<p>&nbsp;<\/p>\n<p>El estilo g\u00f3tico en Espa\u00f1a se extendi\u00f3 gracias a la comunicaci\u00f3n con Europa central y del norte durante el s.XII, y a trav\u00e9s del Camino de Santiago en el s. XIII con la creaci\u00f3n de catedrales g\u00f3ticas, como la <strong>Catedral de Burgos<\/strong>. El 8 de abril de 1885 fue declarada Monumento Nacional y Patrimonio de la Humanidad por la Unesco el 31 de octubre de 1984. Un aut\u00e9ntico tesoro arquitect\u00f3nico.<\/p>\n<figure id=\"attachment_558\" aria-describedby=\"caption-attachment-558\" style=\"width: 1000px\" class=\"wp-caption aligncenter\"><a href=\"https:\/\/panelesach.com\/blog\/wp-content\/uploads\/2017\/04\/shutterstock_199787081.jpg\" target=\"_blank\" rel=\"noopener\"><img loading=\"lazy\" decoding=\"async\" class=\"size-full wp-image-558\" src=\"https:\/\/panelesach.com\/blog\/wp-content\/uploads\/2017\/04\/shutterstock_199787081.jpg\" alt=\"Los hitos hist\u00f3ricos de la arquitectura en Espa\u00f1a catedral de burgos\" width=\"1000\" height=\"729\" \/><\/a><figcaption id=\"caption-attachment-558\" class=\"wp-caption-text\">Catedral de Burgos<\/figcaption><\/figure>\n<p>&nbsp;<\/p>\n<p>&nbsp;<\/p>\n<p><strong>RENACIMIENTO Y BARROCO (s. XV \u2013 XVIII)<\/strong><\/p>\n<p>El renacimiento trajo consigo un estilo renacentista espec\u00edficamente espa\u00f1ol, que reuni\u00f3 la influencia de la arquitectura del sur de Italia con la tradici\u00f3n g\u00f3tica y la idiosincrasia local.<\/p>\n<p>La cumbre del renacimiento est\u00e1 representada por el<strong> Real Monasterio de El Escorial<\/strong>, obra de Juan Bautista de Toledo y Juan de Herrera.<\/p>\n<figure id=\"attachment_559\" aria-describedby=\"caption-attachment-559\" style=\"width: 1000px\" class=\"wp-caption alignnone\"><a href=\"https:\/\/panelesach.com\/blog\/wp-content\/uploads\/2017\/04\/shutterstock_305273015-1.jpg\" target=\"_blank\" rel=\"noopener\"><img loading=\"lazy\" decoding=\"async\" class=\"size-full wp-image-559\" src=\"https:\/\/panelesach.com\/blog\/wp-content\/uploads\/2017\/04\/shutterstock_305273015-1.jpg\" alt=\"Los hitos hist\u00f3ricos de la arquitectura en Espa\u00f1a real monasterio de el escorial\" width=\"1000\" height=\"667\" \/><\/a><figcaption id=\"caption-attachment-559\" class=\"wp-caption-text\">Real Monasterio de El Escorial<\/figcaption><\/figure>\n<p>El Barroco lleg\u00f3 a Espa\u00f1a gracias a las influencias italianas, que gradualmente sustituyeron el popular y sobrio gusto clasicista. Esta corriente buscaba atraer a los sentidos m\u00e1s que al intelecto, consider\u00e1ndose un estilo exagerado y caprichoso. El Barroco nos ha dejado maravillas como el <strong>Palacio Real de Madrid<\/strong>.<\/p>\n<figure id=\"attachment_560\" aria-describedby=\"caption-attachment-560\" style=\"width: 1000px\" class=\"wp-caption alignnone\"><a href=\"https:\/\/panelesach.com\/blog\/wp-content\/uploads\/2017\/04\/shutterstock_3261308.jpg\" target=\"_blank\" rel=\"noopener\"><img loading=\"lazy\" decoding=\"async\" class=\"size-full wp-image-560\" src=\"https:\/\/panelesach.com\/blog\/wp-content\/uploads\/2017\/04\/shutterstock_3261308.jpg\" alt=\"palacio real de madrid Los hitos hist\u00f3ricos de la arquitectura en Espa\u00f1a\" width=\"1000\" height=\"793\" \/><\/a><figcaption id=\"caption-attachment-560\" class=\"wp-caption-text\">Palacio Real de Madrid<\/figcaption><\/figure>\n<p>&nbsp;<\/p>\n<p><strong>EL MODERNISMO DE GAUD\u00cd (s. XX)<\/strong><\/p>\n<p>El centro del movimiento modernista fue sin duda Barcelona. Esta corriente romp\u00eda con estilos anteriores, y se basaba en un arte nuevo, joven, libre y moderno que romp\u00eda con los estilos dominantes de la \u00e9poca. Se inspir\u00f3 en la naturaleza y la revoluci\u00f3n industrial. El arquitecto estrella que nos dej\u00f3 incre\u00edbles hitos hist\u00f3ricos de la arquitectura en Espa\u00f1a fue <strong>Antonio Gaud\u00ed<\/strong>, con obras como L<strong>a Sagrada Familia, el Parque G\u00fcell, la Casa Mil\u00e1 o la Casa Batll\u00f3<\/strong> entre otros.<\/p>\n<figure id=\"attachment_561\" aria-describedby=\"caption-attachment-561\" style=\"width: 1000px\" class=\"wp-caption aligncenter\"><a href=\"https:\/\/panelesach.com\/blog\/wp-content\/uploads\/2017\/04\/shutterstock_305364611.jpg\" target=\"_blank\" rel=\"noopener\"><img loading=\"lazy\" decoding=\"async\" class=\"wp-image-561 size-full\" src=\"https:\/\/panelesach.com\/blog\/wp-content\/uploads\/2017\/04\/shutterstock_305364611.jpg\" alt=\"Los hitos hist\u00f3ricos de la arquitectura en Espa\u00f1a antonio gaudi parc guell\" width=\"1000\" height=\"615\" \/><\/a><figcaption id=\"caption-attachment-561\" class=\"wp-caption-text\">Parc G\u00fcell, Barcelona<\/figcaption><\/figure>\n<p>&nbsp;<\/p>\n<p><strong>ARQUITECTURA CONTEMPOR\u00c1NEA (s. XXI)<\/strong><\/p>\n<p>Una nueva generaci\u00f3n de arquitectos surgi\u00f3 de una nueva \u00e9poca floreciente en la Uni\u00f3n Europea. De esta \u00e9poca emergen arquitectos como<strong> Enric Miralles, Carme Pin\u00f3s y \u00a0Santiago Calatrava<\/strong>. Destaca el <strong>museo Guggenheim de Bilbao<\/strong> que aument\u00f3 el prestigio mundial de la ciudad, al crear una arquitectura ic\u00f3nica que se conoce en la planificaci\u00f3n urbana como el \u2018efecto Bilbao\u2019.<\/p>\n<figure id=\"attachment_562\" aria-describedby=\"caption-attachment-562\" style=\"width: 1000px\" class=\"wp-caption aligncenter\"><a href=\"https:\/\/panelesach.com\/blog\/wp-content\/uploads\/2017\/04\/shutterstock_2698765.jpg\" target=\"_blank\" rel=\"noopener\"><img loading=\"lazy\" decoding=\"async\" class=\"size-full wp-image-562\" src=\"https:\/\/panelesach.com\/blog\/wp-content\/uploads\/2017\/04\/shutterstock_2698765.jpg\" alt=\"Los hitos hist\u00f3ricos de la arquitectura en Espa\u00f1a museo guggenheim\" width=\"1000\" height=\"667\" \/><\/a><figcaption id=\"caption-attachment-562\" class=\"wp-caption-text\">Museo Guggenheim, Bilbao<\/figcaption><\/figure>\n<p>&nbsp;<\/p>\n<p>Si t\u00fa tambi\u00e9n amas la arquitectura, comparte nuestro art\u00edculo y hazte fan de nuestros perfiles en<strong> <a href=\"https:\/\/www.facebook.com\/panelesach\/\" target=\"_blank\" rel=\"noopener\">Facebook<\/a>, <a href=\"https:\/\/twitter.com\/PanelesACH\" target=\"_blank\" rel=\"noopener\">Twitter<\/a>, <a href=\"https:\/\/www.instagram.com\/PanelesACH\/\" target=\"_blank\" rel=\"noopener\">Instagram<\/a> y <a href=\"https:\/\/es.linkedin.com\/company\/saint-gobain-transformados-s-a-\" target=\"_blank\" rel=\"noopener\">Linkedin<\/a><\/strong>.<\/p>\n<p>Para m\u00e1s informaci\u00f3n entra en nuestra <strong><a href=\"https:\/\/www.panelesach.com\/\">web<\/a><\/strong> o escr\u00edbenos a <strong>info@panelesach.com<\/strong><\/p>\n<p>&nbsp;<\/p>\n<p>&nbsp;<\/p>\n<p>&nbsp;<\/p>\n<p>&nbsp;<\/p>\n","protected":false},"excerpt":{"rendered":"<p>&nbsp; La arquitectura espa\u00f1ola ha sido referencia durante siglos para muchos arquitectos que se han nutrido de nuestras referencias. Y es que hay una larga lista de hitos hist\u00f3ricos de la arquitectura en Espa\u00f1a para fascinar a generaciones enteras. Como en todo, la arquitectura ha tenido una evoluci\u00f3n a lo largo de los siglos, y [&hellip;]<\/p>\n","protected":false},"author":1,"featured_media":7867,"comment_status":"open","ping_status":"open","sticky":false,"template":"","format":"standard","meta":{"_acf_changed":false,"footnotes":""},"categories":[5],"tags":[124,125,126,127],"class_list":["post-679","post","type-post","status-publish","format-standard","has-post-thumbnail","hentry","category-arquitectura","tag-arquitectura-en-espana","tag-arquitectura-espanola","tag-historia-arquitectura","tag-hitos-arquitectura"],"acf":[],"_links":{"self":[{"href":"https:\/\/www.panelesach.com\/pt-pt\/wp-json\/wp\/v2\/posts\/679","targetHints":{"allow":["GET"]}}],"collection":[{"href":"https:\/\/www.panelesach.com\/pt-pt\/wp-json\/wp\/v2\/posts"}],"about":[{"href":"https:\/\/www.panelesach.com\/pt-pt\/wp-json\/wp\/v2\/types\/post"}],"author":[{"embeddable":true,"href":"https:\/\/www.panelesach.com\/pt-pt\/wp-json\/wp\/v2\/users\/1"}],"replies":[{"embeddable":true,"href":"https:\/\/www.panelesach.com\/pt-pt\/wp-json\/wp\/v2\/comments?post=679"}],"version-history":[{"count":0,"href":"https:\/\/www.panelesach.com\/pt-pt\/wp-json\/wp\/v2\/posts\/679\/revisions"}],"wp:featuredmedia":[{"embeddable":true,"href":"https:\/\/www.panelesach.com\/pt-pt\/wp-json\/wp\/v2\/media\/7867"}],"wp:attachment":[{"href":"https:\/\/www.panelesach.com\/pt-pt\/wp-json\/wp\/v2\/media?parent=679"}],"wp:term":[{"taxonomy":"category","embeddable":true,"href":"https:\/\/www.panelesach.com\/pt-pt\/wp-json\/wp\/v2\/categories?post=679"},{"taxonomy":"post_tag","embeddable":true,"href":"https:\/\/www.panelesach.com\/pt-pt\/wp-json\/wp\/v2\/tags?post=679"}],"curies":[{"name":"wp","href":"https:\/\/api.w.org\/{rel}","templated":true}]}}