{"id":3566,"date":"2024-05-28T14:32:23","date_gmt":"2024-05-28T14:32:23","guid":{"rendered":"https:\/\/panelesach.com\/blog\/?p=3566"},"modified":"2024-12-02T17:34:33","modified_gmt":"2024-12-02T16:34:33","slug":"jardines-verticales","status":"publish","type":"post","link":"https:\/\/www.panelesach.com\/pt-pt\/jardines-verticales\/","title":{"rendered":"Jardines verticales: qu\u00e9 son y sus beneficios"},"content":{"rendered":"\r\n<h2 class=\"wp-block-heading\"><strong>\u00bfQu\u00e9 son los jardines verticales?<\/strong><\/h2>\r\n\r\n\r\n\r\n<p>En los \u00faltimos a\u00f1os, hemos visto numerosas innovaciones en diversos \u00e1mbitos (industrial, tecnol\u00f3gico, medicina, etc.). Esto, ha provocado una explosi\u00f3n en la sociedad y, en consecuencia, en las urbes, siendo la gran afectada la naturaleza<\/p>\r\n\r\n\r\n\r\n<p>En las ciudades, cada vez es menos com\u00fan encontrarse con espacios verdes, lo cual, tiene consecuencias tanto f\u00edsicas como mentales para las personas. Por eso, los jardines verticales se han convertido en una soluci\u00f3n para mejorar nuestras vidas.<\/p>\r\n\r\n\r\n\r\n<p>Un jard\u00edn vertical es una instalaci\u00f3n vertical en muros o fachadas que est\u00e1n llenas de plantas de diferentes especies. Los jardines en paredes verticales se cultivan en unas estructuras especiales que est\u00e1n preparadas para que las ra\u00edces crezcan en el soporte de las instalaciones. Adem\u00e1s, son muy vers\u00e1tiles, existiendo jardines verticales de interior y jardines verticales de exterior.<\/p>\r\n\r\n\r\n\r\n<p>En resumen, un jard\u00edn vertical es una tendencia en la\u00a0<a href=\"https:\/\/panelesach.com\/blog\/arquitectura-sostenible-que-es-beneficios-y-caracteristicas\/\" target=\"_blank\" rel=\"noreferrer noopener\">arquitectura<\/a><a href=\"https:\/\/panelesach.com\/blog\/arquitectura-sostenible-que-es-beneficios-y-caracteristicas\/\" target=\"_blank\" rel=\"noopener\"> sostenible<\/a>, que tiene como objetivo crear edificios que sean respetuosos con el medio ambiente.<\/p>\r\n\r\n\r\n\r\n<p><\/p>\r\n\r\n\r\n\r\n<h2 class=\"wp-block-heading\"><strong>5<\/strong>&nbsp;<strong>beneficios de los jardines verticales<\/strong><\/h2>\r\n\r\n\r\n\r\n<p>Los jardines verticales son una soluci\u00f3n perfecta para crear m\u00e1s espacios verdes en las zonas urbanas. Adem\u00e1s, ayudan a disminuir el impacto ambiental y al bienestar de las personas.<\/p>\r\n\r\n\r\n\r\n<h3 class=\"wp-block-heading\"><strong>Mejora la calidad del aire<\/strong><\/h3>\r\n\r\n\r\n\r\n<p>Uno de los principales beneficios que tienen los jardines verticales naturales es su capacidad para funcionar como filtro natural del aire. Las plantas absorben di\u00f3xido de carbono cuando hacen la&nbsp;<a href=\"https:\/\/www.fundacionaquae.org\/wiki\/fotosintesis-plantas\/\" target=\"_blank\" rel=\"noreferrer noopener\">fotos\u00edntesis<\/a>&nbsp;y expulsan ox\u00edgeno, as\u00ed mejoran la calidad del aire que respiramos.&nbsp;<\/p>\r\n\r\n\r\n\r\n<h3 class=\"wp-block-heading\"><strong>Ahorro energ\u00e9tico &nbsp;<\/strong><\/h3>\r\n\r\n\r\n\r\n<p>Son un sistema de climatizaci\u00f3n natural que contribuyen a regular la temperatura ambiente. Ofrecen sombra y aislamiento t\u00e9rmico, lo que ayuda a mantener una temperatura m\u00e1s constante. De esta manera, disminuyen la necesidad de usar sistemas de calefacci\u00f3n o refrigeraci\u00f3n.<\/p>\r\n\r\n\r\n\r\n<h3 class=\"wp-block-heading\"><strong>Reducci\u00f3n de la contaminaci\u00f3n ac\u00fastica<\/strong><\/h3>\r\n\r\n\r\n\r\n<p>Los jardines verticales act\u00faan como barreras ac\u00fasticas. Las plantas absorben sonidos, reduciendo as\u00ed la contaminaci\u00f3n ac\u00fastica en zonas urbanas muy ruidosas. Las fachadas vegetales reducen hasta un 41% m\u00e1s de ruido que las tradicionales.<\/p>\r\n\r\n\r\n\r\n<h3 class=\"wp-block-heading\"><strong>Barrera resistente al fuego&nbsp; &nbsp;<\/strong><\/h3>\r\n\r\n\r\n\r\n<p>Las plantas tienen mucha humedad de forma natural por lo que tambi\u00e9n act\u00faan como una barrera natural contra el fuego. Ayudan a la ralentizaci\u00f3n de incendios de manera natural.<\/p>\r\n\r\n\r\n\r\n<h3 class=\"wp-block-heading\"><strong>Aumento del valor de la propiedad<\/strong><\/h3>\r\n\r\n\r\n\r\n<p>Una mejor est\u00e9tica y otros muchos beneficios de los jardines verticales, como la eficiencia energ\u00e9tica (que adem\u00e1s reduce costes), hacen que los&nbsp;<a href=\"https:\/\/panelesach.com\/blog\/edificios-verdes-sostenibilidad-y-eficiencia\/\" target=\"_blank\" rel=\"noopener\">edificios<\/a><a href=\"https:\/\/panelesach.com\/blog\/edificios-verdes-sostenibilidad-y-eficiencia\/\" target=\"_blank\" rel=\"noreferrer noopener\"> <\/a><a href=\"https:\/\/panelesach.com\/blog\/edificios-verdes-sostenibilidad-y-eficiencia\/\" target=\"_blank\" rel=\"noopener\">verdes<\/a>&nbsp;tengan un mayor valor, atrayendo a inquilinos y compradores.<\/p>\r\n\r\n\r\n\r\n<p><\/p>\r\n\r\n\r\n\r\n<h2 class=\"wp-block-heading\"><strong>Edificios con jardines verticales<\/strong><\/h2>\r\n\r\n\r\n\r\n<h3 class=\"wp-block-heading\"><strong>Caixa Forum, Madrid<\/strong><\/h3>\r\n\r\n\r\n\r\n<div class=\"wp-block-uagb-image uagb-block-1466c89c wp-block-uagb-image--layout-default wp-block-uagb-image--effect-static wp-block-uagb-image--align-none\"><figure class=\"wp-block-uagb-image__figure\"><a class=\"\" href=\"https:\/\/panelesach.com\/blog\/wp-content\/uploads\/2024\/05\/ACH_JUNIO_BLOG_03.jpg\" target=\"\" rel=\"noopener\"><img loading=\"lazy\" decoding=\"async\" srcset=\"https:\/\/panelesach.com\/blog\/wp-content\/uploads\/2024\/05\/ACH_JUNIO_BLOG_03.jpg ,https:\/\/panelesach.com\/blog\/wp-content\/uploads\/2024\/05\/ACH_JUNIO_BLOG_03.jpg 780w, https:\/\/panelesach.com\/blog\/wp-content\/uploads\/2024\/05\/ACH_JUNIO_BLOG_03.jpg 360w\" sizes=\"auto, (max-width: 480px) 150px\" src=\"https:\/\/panelesach.com\/blog\/wp-content\/uploads\/2024\/05\/ACH_JUNIO_BLOG_03.jpg\" alt=\"\" class=\"uag-image-3568\" width=\"1000\" height=\"670\" title=\"ACH_JUNIO_BLOG_03\" loading=\"lazy\" role=\"img\"\/><\/a><\/figure><\/div>\r\n\r\n\r\n\r\n<p>Comenzamos por el primero que se instaur\u00f3 en Espa\u00f1a. El jard\u00edn vertical de Caixa Forum o Madrid Living Wall fue inaugurado en 2007. Tiene 24 metros de altura y fue dise\u00f1ado por Patrick Blanc. Est\u00e1 cubierto por 15.000 plantas que cubren 460 metros cuadrados.<\/p>\r\n\r\n\r\n\r\n<h3 class=\"wp-block-heading\"><strong>Hotel Parkroyale on Pickering, Singapur<\/strong><\/h3>\r\n\r\n\r\n\r\n<div class=\"wp-block-uagb-image uagb-block-d50300b9 wp-block-uagb-image--layout-default wp-block-uagb-image--effect-static wp-block-uagb-image--align-none\"><figure class=\"wp-block-uagb-image__figure\"><a class=\"\" href=\"https:\/\/panelesach.com\/blog\/wp-content\/uploads\/2024\/05\/ACH_JUNIO_BLOG_02.jpg\" target=\"\" rel=\"noopener\"><img loading=\"lazy\" decoding=\"async\" srcset=\"https:\/\/panelesach.com\/blog\/wp-content\/uploads\/2024\/05\/ACH_JUNIO_BLOG_02.jpg ,https:\/\/panelesach.com\/blog\/wp-content\/uploads\/2024\/05\/ACH_JUNIO_BLOG_02.jpg 780w, https:\/\/panelesach.com\/blog\/wp-content\/uploads\/2024\/05\/ACH_JUNIO_BLOG_02.jpg 360w\" sizes=\"auto, (max-width: 480px) 150px\" src=\"https:\/\/panelesach.com\/blog\/wp-content\/uploads\/2024\/05\/ACH_JUNIO_BLOG_02.jpg\" alt=\"jardin vertical singapur\" class=\"uag-image-3569\" width=\"1000\" height=\"670\" title=\"ACH_JUNIO_BLOG_02\" loading=\"lazy\" role=\"img\"\/><\/a><\/figure><\/div>\r\n\r\n\r\n\r\n<p>Este hotel en Singapur resalta por su estilo futurista (Forbes lo defini\u00f3 como el \u201cHotel del Futuro\u201d) y tiene uno de los jardines verticales m\u00e1s impresionantes del mundo. Fue inaugurado en 2013 y dise\u00f1ado por WOHA. Est\u00e1 formado por m\u00e1s de 15.000 metros cuadrados con jardines en varias alturas.<\/p>\r\n\r\n\r\n\r\n<h3 class=\"wp-block-heading\"><strong>Museo Quai Branly, Par\u00eds<\/strong><\/h3>\r\n\r\n\r\n\r\n<div class=\"wp-block-uagb-image uagb-block-f76da8dd wp-block-uagb-image--layout-default wp-block-uagb-image--effect-static wp-block-uagb-image--align-none\"><figure class=\"wp-block-uagb-image__figure\"><a class=\"\" href=\"https:\/\/panelesach.com\/blog\/wp-content\/uploads\/2024\/05\/ACH_JUNIO_BLOG_04.jpg\" target=\"\" rel=\"noopener\"><img loading=\"lazy\" decoding=\"async\" srcset=\"https:\/\/panelesach.com\/blog\/wp-content\/uploads\/2024\/05\/ACH_JUNIO_BLOG_04.jpg ,https:\/\/panelesach.com\/blog\/wp-content\/uploads\/2024\/05\/ACH_JUNIO_BLOG_04.jpg 780w, https:\/\/panelesach.com\/blog\/wp-content\/uploads\/2024\/05\/ACH_JUNIO_BLOG_04.jpg 360w\" sizes=\"auto, (max-width: 480px) 150px\" src=\"https:\/\/panelesach.com\/blog\/wp-content\/uploads\/2024\/05\/ACH_JUNIO_BLOG_04.jpg\" alt=\"Museo Quai Branly, Par\u00eds \" class=\"uag-image-3570\" width=\"1000\" height=\"670\" title=\"ACH_JUNIO_BLOG_04\" loading=\"lazy\" role=\"img\"\/><\/a><\/figure><\/div>\r\n\r\n\r\n\r\n<p>Dise\u00f1ado por&nbsp;<a href=\"https:\/\/plantikum.com\/patrick-blanc-jardines-verticales\/\" target=\"_blank\" rel=\"noreferrer noopener\">Patrick Blanc<\/a>, este espectacular jard\u00edn cuenta con m\u00e1s de 15.000 plantas de 150 especies de todo el mundo. El jard\u00edn utiliza el sistema hidrop\u00f3nico, es decir, sobrevive sin tierra. Se alimenta de agua y sustancias minerales.<\/p>\r\n\r\n\r\n\r\n<h3 class=\"wp-block-heading\"><strong>Bosco Verticale, Mil\u00e1n<\/strong><\/h3>\r\n\r\n\r\n\r\n<div class=\"wp-block-uagb-image uagb-block-86092f4b wp-block-uagb-image--layout-default wp-block-uagb-image--effect-static wp-block-uagb-image--align-none\"><figure class=\"wp-block-uagb-image__figure\"><a class=\"\" href=\"https:\/\/panelesach.com\/blog\/wp-content\/uploads\/2024\/05\/ACH_JUNIO_BLOG_05.jpg\" target=\"\" rel=\"noopener\"><img loading=\"lazy\" decoding=\"async\" srcset=\"https:\/\/panelesach.com\/blog\/wp-content\/uploads\/2024\/05\/ACH_JUNIO_BLOG_05.jpg ,https:\/\/panelesach.com\/blog\/wp-content\/uploads\/2024\/05\/ACH_JUNIO_BLOG_05.jpg 780w, https:\/\/panelesach.com\/blog\/wp-content\/uploads\/2024\/05\/ACH_JUNIO_BLOG_05.jpg 360w\" sizes=\"auto, (max-width: 480px) 150px\" src=\"https:\/\/panelesach.com\/blog\/wp-content\/uploads\/2024\/05\/ACH_JUNIO_BLOG_05.jpg\" alt=\"bosco verticale\" class=\"uag-image-3571\" width=\"1000\" height=\"670\" title=\"ACH_JUNIO_BLOG_05\" loading=\"lazy\" role=\"img\"\/><\/a><\/figure><\/div>\r\n\r\n\r\n\r\n<p>Este edificio residencial en Mil\u00e1n surgi\u00f3 gracias a un proyecto arquitect\u00f3nico que apuesta por la biodiversidad y la construcci\u00f3n de un ecosistema urbano. Cuenta con 11.000 plantas, 5.000 arbustos y unos 500 \u00e1rboles.<\/p>\r\n\r\n\r\n\r\n<h3 class=\"wp-block-heading\"><strong>Jardines de la Bah\u00eda, Singapur<\/strong><\/h3>\r\n\r\n\r\n\r\n<div class=\"wp-block-uagb-image uagb-block-317d0337 wp-block-uagb-image--layout-default wp-block-uagb-image--effect-static wp-block-uagb-image--align-none\"><figure class=\"wp-block-uagb-image__figure\"><a class=\"\" href=\"https:\/\/panelesach.com\/blog\/wp-content\/uploads\/2024\/05\/ACH_JUNIO_BLOG_01.jpg\" target=\"\" rel=\"noopener\"><img loading=\"lazy\" decoding=\"async\" srcset=\"https:\/\/panelesach.com\/blog\/wp-content\/uploads\/2024\/05\/ACH_JUNIO_BLOG_01.jpg ,https:\/\/panelesach.com\/blog\/wp-content\/uploads\/2024\/05\/ACH_JUNIO_BLOG_01.jpg 780w, https:\/\/panelesach.com\/blog\/wp-content\/uploads\/2024\/05\/ACH_JUNIO_BLOG_01.jpg 360w\" sizes=\"auto, (max-width: 480px) 150px\" src=\"https:\/\/panelesach.com\/blog\/wp-content\/uploads\/2024\/05\/ACH_JUNIO_BLOG_01.jpg\" alt=\"Jardines de la Bah\u00ed\" class=\"uag-image-3572\" width=\"1000\" height=\"670\" title=\"ACH_JUNIO_BLOG_01\" loading=\"lazy\" role=\"img\"\/><\/a><\/figure><\/div>\r\n\r\n\r\n\r\n<p>Estos, son los jardines m\u00e1s grandes y llamativos de Singapur. Albergan dos invernaderos con una colecci\u00f3n de m\u00e1s de 250.000 especies de plantas ex\u00f3ticas. Entre otros r\u00e9cords, cuentan con el mayor invernadero de cristal con \u00e1rboles de 50 metros de altura.<\/p>\r\n","protected":false},"excerpt":{"rendered":"<p>\u00bfQu\u00e9 son los jardines verticales? En los \u00faltimos a\u00f1os, hemos visto numerosas innovaciones en diversos \u00e1mbitos (industrial, tecnol\u00f3gico, medicina, etc.). Esto, ha provocado una explosi\u00f3n en la sociedad y, en consecuencia, en las urbes, siendo la gran afectada la naturaleza En las ciudades, cada vez es menos com\u00fan encontrarse con espacios verdes, lo cual, tiene [&hellip;]<\/p>\n","protected":false},"author":1,"featured_media":7371,"comment_status":"open","ping_status":"open","sticky":false,"template":"","format":"standard","meta":{"_acf_changed":false,"footnotes":""},"categories":[6],"tags":[],"class_list":["post-3566","post","type-post","status-publish","format-standard","has-post-thumbnail","hentry","category-sostenibilidad"],"acf":[],"_links":{"self":[{"href":"https:\/\/www.panelesach.com\/pt-pt\/wp-json\/wp\/v2\/posts\/3566","targetHints":{"allow":["GET"]}}],"collection":[{"href":"https:\/\/www.panelesach.com\/pt-pt\/wp-json\/wp\/v2\/posts"}],"about":[{"href":"https:\/\/www.panelesach.com\/pt-pt\/wp-json\/wp\/v2\/types\/post"}],"author":[{"embeddable":true,"href":"https:\/\/www.panelesach.com\/pt-pt\/wp-json\/wp\/v2\/users\/1"}],"replies":[{"embeddable":true,"href":"https:\/\/www.panelesach.com\/pt-pt\/wp-json\/wp\/v2\/comments?post=3566"}],"version-history":[{"count":0,"href":"https:\/\/www.panelesach.com\/pt-pt\/wp-json\/wp\/v2\/posts\/3566\/revisions"}],"wp:featuredmedia":[{"embeddable":true,"href":"https:\/\/www.panelesach.com\/pt-pt\/wp-json\/wp\/v2\/media\/7371"}],"wp:attachment":[{"href":"https:\/\/www.panelesach.com\/pt-pt\/wp-json\/wp\/v2\/media?parent=3566"}],"wp:term":[{"taxonomy":"category","embeddable":true,"href":"https:\/\/www.panelesach.com\/pt-pt\/wp-json\/wp\/v2\/categories?post=3566"},{"taxonomy":"post_tag","embeddable":true,"href":"https:\/\/www.panelesach.com\/pt-pt\/wp-json\/wp\/v2\/tags?post=3566"}],"curies":[{"name":"wp","href":"https:\/\/api.w.org\/{rel}","templated":true}]}}