{"id":1439,"date":"2019-08-07T09:13:17","date_gmt":"2019-08-07T09:13:17","guid":{"rendered":"https:\/\/www.panelesach.com\/blog\/?p=1439"},"modified":"2024-12-03T10:49:57","modified_gmt":"2024-12-03T09:49:57","slug":"panel-sandwich-de-fachada-cual-elegir","status":"publish","type":"post","link":"https:\/\/www.panelesach.com\/pt-pt\/panel-sandwich-de-fachada-cual-elegir\/","title":{"rendered":"Panel s\u00e1ndwich de fachada, \u00bfcu\u00e1l elegir?"},"content":{"rendered":"\r\n<p>Cuando nos embarcamos en un proyecto arquitect\u00f3nico, hay muchas decisiones qu\u00e9 tomar: \u00bfqu\u00e9 material es el m\u00e1s adecuado?, \u00bfcu\u00e1nto presupuesto voy a destinar a la obra?, \u00bfcu\u00e1l va a ser el retrotiming?<\/p>\r\n\r\n\r\n\r\n<p>Pero si hay algo que afecta principalmente a la toma de decisiones son los elementos est\u00e9ticos del proyecto. Y no hay un elemento m\u00e1s visible en un edificio que la fachada.<\/p>\r\n\r\n\r\n\r\n<p>Por eso mismo, en ACH tenemos la soluci\u00f3n: cuatro modelos de <em>panel s\u00e1ndwich de fachada<\/em> para que puedas elegir el que m\u00e1s se ajuste a tus necesidades.<\/p>\r\n\r\n\r\n\r\n<p> \u00a1Sigue leyendo y descubre qu\u00e9 panel s\u00e1ndwich de fachada elegir !<\/p>\r\n\r\n\r\n\r\n<h4 class=\"wp-block-heading\"><strong>Panel s\u00e1ndwich de fachada liso &#8211; ACH-FLAT<\/strong><\/h4>\r\n\r\n\r\n\r\n<figure class=\"wp-block-image\"><img decoding=\"async\" src=\"https:\/\/panelesach.com\/blog\/wp-content\/uploads\/2019\/08\/Panel-s\u00e1ndwich-de-fachada-liso-300x157.jpg\" alt=\"\" class=\"wp-image-1441\"\/><\/figure>\r\n\r\n\r\n\r\n<p>Al tener la cara de acero de alto espesor y lana de roca 2X-RAS, este panel garantiza un acabado uniforme sin efectos superficiales o bolsas. Con un acabado totalmente plano, se diferencia del resto de propuestas del mercado de las soluciones con paneles s\u00e1ndwich.<\/p>\r\n\r\n\r\n\r\n<p>Se compone de dos l\u00e1minas de acero de altas prestaciones y un n\u00facleo de lana de roca que garantizan una terminaci\u00f3n de calidad. <\/p>\r\n\r\n\r\n\r\n<p>Una de sus principales ventajas es su montaje r\u00e1pido y sencillo. Este producto est\u00e1 especialmente indicado para la construcci\u00f3n de fachadas en edificios de diferentes tipolog\u00edas: industrial, deportivo, comercial\u2026 Adem\u00e1s, cuenta con todas las garant\u00edas y certificaciones que proporcionamos desde ACH. <\/p>\r\n\r\n\r\n\r\n<p>Si lo que quieres un acabado plano y homog\u00e9neo, \u00a1este es tu panel!<\/p>\r\n\r\n\r\n\r\n<p> Puedes descargar a continuaci\u00f3n la <a href=\"https:\/\/www.panelesach.com\/assets\/documentacion\/fichas-tecnicas\/Panel_fachada_liso_v4.pdf\">ficha t\u00e9cnica del producto<\/a> para conocer m\u00e1s a fondo todas sus caracter\u00edsticas. <\/p>\r\n\r\n\r\n\r\n<h4 class=\"wp-block-heading\"><strong>Panel s\u00e1ndwich de fachada acero corten<\/strong><\/h4>\r\n\r\n\r\n\r\n<figure class=\"wp-block-image\"><img decoding=\"async\" src=\"https:\/\/panelesach.com\/blog\/wp-content\/uploads\/2019\/08\/Panel-s\u00e1ndwich-de-fachada-acero-corten-300x157.jpg\" alt=\"\" class=\"wp-image-1442\"\/><\/figure>\r\n\r\n\r\n\r\n<p>El acero corten es un material muy utilizado en la construcci\u00f3n porque est\u00e1 exento de mantenimiento durante, por lo menos, 80 a\u00f1os. La rapidez de su montaje y su protecci\u00f3n adicional contra la corrosi\u00f3n y resistencia a las adversidades climatol\u00f3gicas, hace que cada vez est\u00e9 m\u00e1s presente en la construcci\u00f3n de edificios, puentes, etc.<\/p>\r\n\r\n\r\n\r\n<p>En ACH\r\nquer\u00edamos aprovechar todas estas caracter\u00edsticas y por eso pusimos a vuestra\r\ndisposici\u00f3n nuestro panel s\u00e1ndwich de fachada acero corten. Est\u00e1 formado por\r\ndos l\u00e1minas de acero adheridas mediante adhesivo org\u00e1nico al n\u00facleo de lana de\r\nroca. <\/p>\r\n\r\n\r\n\r\n<p>Destaca debido a su alto valor est\u00e9tico en la construcci\u00f3n de fachadas singulares. <\/p>\r\n\r\n\r\n\r\n<p>Es un producto que evoluciona con el tiempo. En un primer momento, cuenta con un aspecto brillante, pero var\u00eda en funci\u00f3n de la temperatura medio del entorno y la humedad. El proceso de cambio del producto puede llegar a demorar dos a\u00f1os hasta desarrollar su imagen final. <\/p>\r\n\r\n\r\n\r\n<p> Recuerda que tienes a tu disposici\u00f3n la <a href=\"https:\/\/www.panelesach.com\/assets\/documentacion\/fichas-tecnicas\/panel_fachada_acero_corten.pdf\">ficha t\u00e9cnica de nuestro panel s\u00e1ndwich de fachada acero corten<\/a>.<\/p>\r\n\r\n\r\n\r\n<h4 class=\"wp-block-heading\"><strong>Panel s\u00e1ndwich de fachada ondulado <\/strong><\/h4>\r\n\r\n\r\n\r\n<figure class=\"wp-block-image\"><img decoding=\"async\" src=\"https:\/\/panelesach.com\/blog\/wp-content\/uploads\/2019\/08\/Panel-s\u00e1ndwich-de-fachada-ondulado--300x157.jpg\" alt=\"\" class=\"wp-image-1443\"\/><\/figure>\r\n\r\n\r\n\r\n<p>Si lo que est\u00e1s\r\nbuscando es un acabado est\u00e9tico y diferente para tu fachada, nuestro panel\r\ns\u00e1ndwich de fachada ondulado es el perfecto para ti.<\/p>\r\n\r\n\r\n\r\n<p>Est\u00e1 compuesto por dos l\u00e1minas de acero y un n\u00facleo de lana de roca. Por otra parte, cuenta con un sistema de fijaci\u00f3n oculto y permite su instalaci\u00f3n tanto en horizontal como en vertical.<\/p>\r\n\r\n\r\n\r\n<p> No te olvides de descargar la <a href=\"https:\/\/www.panelesach.com\/assets\/documentacion\/fichas-tecnicas\/panel_fachada_ondulado.pdf\">ficha t\u00e9cnica del panel s\u00e1ndwich de fachada ondulado<\/a>. <\/p>\r\n\r\n\r\n\r\n<h4 class=\"wp-block-heading\"><strong>Panel s\u00e1ndwich de fachada ancho 600<\/strong><\/h4>\r\n\r\n\r\n\r\n<figure class=\"wp-block-image\"><img decoding=\"async\" src=\"https:\/\/panelesach.com\/blog\/wp-content\/uploads\/2019\/08\/Panel-s\u00e1ndwich-de-fachada-ancho-600-300x157.jpg\" alt=\"\" class=\"wp-image-1444\"\/><\/figure>\r\n\r\n\r\n\r\n<p>Formado por dos\r\nl\u00e1minas de acero y un n\u00facleo de espuma r\u00edgida de poliuretano, nuestro panel\r\ns\u00e1ndwich de fachada ancho 600 est\u00e1 pensado para la construcci\u00f3n de cerramientos\r\nen edificios industriales y comerciales.<\/p>\r\n\r\n\r\n\r\n<p>Existen\r\ndiferentes acabados como liso y microperfilado, que se pueden instalar con\r\njunta abierta o cerrada, y acabado ondulado.<\/p>\r\n\r\n\r\n\r\n<p>Este panel\r\ncuenta con una fijaci\u00f3n oculta y puede ser instalado tambi\u00e9n tanto en vertical\r\ncomo en horizontal y permite un r\u00e1pido y sencillo montaje.<\/p>\r\n\r\n\r\n\r\n<p>Los paneles s\u00e1ndwich de fachada ancho 600 con n\u00facleo PUR garantizan un alto rendimiento t\u00e9rmico.<\/p>\r\n\r\n\r\n\r\n<p> \u00a1Consulta la <a href=\"https:\/\/www.panelesach.com\/assets\/documentacion\/fichas-tecnicas\/PUR-600.pdf\">ficha t\u00e9cnica<\/a>!  <\/p>\r\n\r\n\r\n\r\n<p>Como has podido\r\ncomprobar, tenemos m\u00faltiples opciones disponibles para tu pr\u00f3ximo\r\nproyecto.&nbsp; <\/p>\r\n\r\n\r\n\r\n<p>\u00bfCu\u00e1l es el <strong>panel s\u00e1ndwich de fachada<\/strong> que m\u00e1s se ajusta a tus necesidades? \u00a1Cu\u00e9ntanoslo en un comentario!<\/p>\r\n\r\n\r\n\r\n<p> Y si quieres obtener informaci\u00f3n m\u00e1s detallada, puedes <a href=\"https:\/\/www.panelesach.com\/contactar\">contactar<\/a>  con nosotros escribiendo, sin ning\u00fan tipo de compromiso, a <a href=\"mailto:info@panelesach.com\">info@panelesach.com<\/a> o a trav\u00e9s de nuestras redes sociales.<\/p>\r\n","protected":false},"excerpt":{"rendered":"<p>Cuando nos embarcamos en un proyecto arquitect\u00f3nico, hay muchas decisiones qu\u00e9 tomar: \u00bfqu\u00e9 material es el m\u00e1s adecuado?, \u00bfcu\u00e1nto presupuesto voy a destinar a la obra?, \u00bfcu\u00e1l va a ser el retrotiming? Pero si hay algo que afecta principalmente a la toma de decisiones son los elementos est\u00e9ticos del proyecto. Y no hay un elemento [&hellip;]<\/p>\n","protected":false},"author":1,"featured_media":7640,"comment_status":"open","ping_status":"open","sticky":false,"template":"","format":"standard","meta":{"_acf_changed":false,"footnotes":""},"categories":[5],"tags":[],"class_list":["post-1439","post","type-post","status-publish","format-standard","has-post-thumbnail","hentry","category-arquitectura"],"acf":[],"_links":{"self":[{"href":"https:\/\/www.panelesach.com\/pt-pt\/wp-json\/wp\/v2\/posts\/1439","targetHints":{"allow":["GET"]}}],"collection":[{"href":"https:\/\/www.panelesach.com\/pt-pt\/wp-json\/wp\/v2\/posts"}],"about":[{"href":"https:\/\/www.panelesach.com\/pt-pt\/wp-json\/wp\/v2\/types\/post"}],"author":[{"embeddable":true,"href":"https:\/\/www.panelesach.com\/pt-pt\/wp-json\/wp\/v2\/users\/1"}],"replies":[{"embeddable":true,"href":"https:\/\/www.panelesach.com\/pt-pt\/wp-json\/wp\/v2\/comments?post=1439"}],"version-history":[{"count":0,"href":"https:\/\/www.panelesach.com\/pt-pt\/wp-json\/wp\/v2\/posts\/1439\/revisions"}],"wp:featuredmedia":[{"embeddable":true,"href":"https:\/\/www.panelesach.com\/pt-pt\/wp-json\/wp\/v2\/media\/7640"}],"wp:attachment":[{"href":"https:\/\/www.panelesach.com\/pt-pt\/wp-json\/wp\/v2\/media?parent=1439"}],"wp:term":[{"taxonomy":"category","embeddable":true,"href":"https:\/\/www.panelesach.com\/pt-pt\/wp-json\/wp\/v2\/categories?post=1439"},{"taxonomy":"post_tag","embeddable":true,"href":"https:\/\/www.panelesach.com\/pt-pt\/wp-json\/wp\/v2\/tags?post=1439"}],"curies":[{"name":"wp","href":"https:\/\/api.w.org\/{rel}","templated":true}]}}