{"id":1334,"date":"2019-01-22T10:18:45","date_gmt":"2019-01-22T10:18:45","guid":{"rendered":"https:\/\/www.panelesach.com\/blog\/?p=1334"},"modified":"2024-12-03T10:52:47","modified_gmt":"2024-12-03T09:52:47","slug":"arquitectos-mas-representativos-de-espana-ramon-vilalta","status":"publish","type":"post","link":"https:\/\/www.panelesach.com\/pt-pt\/arquitectos-mas-representativos-de-espana-ramon-vilalta\/","title":{"rendered":"Arquitectos m\u00e1s representativos de Espa\u00f1a: Ram\u00f3n Vilalta"},"content":{"rendered":"\r\n<h4 class=\"wp-block-heading\"> <br><em>Continuamos con los arquitectos m\u00e1s representativos de Espa\u00f1a. Esta vez, repasaremos la trayectoria profesional de Ram\u00f3n Vilalta, arquitecto espa\u00f1ol ganador del Premio Pritzker 2017 junto a Rafael Aranda y Carme Pigem.<\/em> <br><br><\/h4>\r\n\r\n\r\n\r\n<p><strong>VIDA\r\nY OBRA DE RAMON VILALTA <\/strong><\/p>\r\n\r\n\r\n\r\n<p>Naci\u00f3 el 25 de abril de 1960 en Vich,\r\nBarcelona. Este arquitecto espa\u00f1ol, que se forma en la Escuela de Bellas Artes\r\nde Olot, obtiene el t\u00edtulo de Arquitecto por la ETSA Vall\u00e9s en 1987, y poco\r\ndespu\u00e9s funda el estudio de arquitectura creativo: RCR Arquitectes, junto a\r\nRafael Aranda y Carme Pigem en Olot (municipio de Girona). La obra de Ramon\r\nVilalta es compartida con Aranda y Pigem. Adem\u00e1s, es profesor de Urbanismo y de\r\nArquitectura del Paisaje.<\/p>\r\n\r\n\r\n\r\n<p>En todas sus obras hay un profundo enfoque\r\ne influencia local, que busca una conexi\u00f3n entre el exterior y el interior,\r\ndando mucho valor a la relaci\u00f3n que se establece entre la arquitectura y el\r\npaisaje crean una arquitectura emotiva a la vez que experimental.<\/p>\r\n\r\n\r\n\r\n<p><strong>TRAYECTORIA<\/strong><\/p>\r\n\r\n\r\n\r\n<p>En 1988, tras acabar r\u00e1pidamente la\r\ncarrera, fue cuando decidi\u00f3 compartir estudio con Rafael Aranda y Carme Pigem.\r\nLos tres tienen diferentes personalidades, pero a la hora de entenderse en el\r\ntrabajo lo hacen con mucha qu\u00edmica.<\/p>\r\n\r\n\r\n\r\n<p>Empezaron con concursos y han ido pasando\r\npor diferentes etapas, aunque tienen un inter\u00e9s bastante abierto. Adem\u00e1s, el\r\narte, la cultura y temas un poco m\u00e1s amplios les han permitido usar un punto de\r\nvista muy interior y hacer un camino m\u00e1s genuino que otros arquitectos\r\ninfluenciados por las grandes urbes. <\/p>\r\n\r\n\r\n\r\n<p>Uno de sus primeros \u00e9xitos fue haber\r\nganado un concurso para dise\u00f1ar el Faro Punta Aldea en 1989.<\/p>\r\n\r\n\r\n\r\n<p>Tambi\u00e9n son los creadores de RCR Lab. A,\r\nespacio de laboratorio de arquitectura para desarrollar la investigaci\u00f3n y la\r\ntransversalidad creativas, y de RCR Bunka Fundaci\u00f3 Privada, fundaci\u00f3n para\r\nestimular socialmente la valoraci\u00f3n de la arquitectura, el paisaje, las artes y\r\nla cultura en general. Estas dos fundaciones surgen con la intenci\u00f3n de\r\nimpulsar metas arquitect\u00f3nicas.<\/p>\r\n\r\n\r\n\r\n<p>En el reciente 2017 fue cuando ganaron el\r\nPremio Pritzker 2017, siendo el primer estudio espa\u00f1ol en ganarlo.<\/p>\r\n\r\n\r\n\r\n<p><strong>OBRA\r\nDE RAM\u00d3N VILALTA<\/strong><\/p>\r\n\r\n\r\n\r\n<p>En su carrera, RCR Arquitectes cuenta con\r\nnumerosas obras arquitect\u00f3nicas, la gran mayor\u00eda en Europa, en particular en la\r\npen\u00ednsula ib\u00e9rica y Espa\u00f1a. Acomp\u00e1\u00f1anos a revisar algunas de las m\u00e1s\r\nimportantes:<\/p>\r\n\r\n\r\n\r\n<p><strong>Centro\r\nde Arte La Cuisine.<\/strong><\/p>\r\n\r\n\r\n\r\n<div class=\"wp-block-image\"><figure class=\"aligncenter\"><img decoding=\"async\" src=\"https:\/\/panelesach.com\/blog\/wp-content\/uploads\/2019\/01\/RAMON_VILALTA_BLOG1.jpg\" alt=\"Centro de Arte La Cuisine. Ram\u00f3n Vilalta\" class=\"wp-image-1335\"\/><\/figure><\/div>\r\n\r\n\r\n\r\n<p>Realizado por RCR Arquitectes en 2014 en\r\nla localidad francesa de N\u00e8grepelisse. El proyecto se hace con el fin de\r\nrestaurar las ruinas de un antiguo castillo, creando un programa cultural con\r\nel tema de la cocina como base. El proyecto activa el patio del castillo\r\nhaciendo revivir este vac\u00edo. El acceso se realiza por el porche, a un lado se\r\nqueda la cocina, la sala de exposiciones y la sala de proyecciones o charlas; y\r\nal otro lado los talleres para artistas invitados, los ni\u00f1os y las dependencias\r\nadministrativas.<\/p>\r\n\r\n\r\n\r\n<p>Este centro de arte sobre las ruinas de\r\nun castillo es el ejemplo perfecto de una arquitectura del injerto. Las ruinas,\r\nun paisaje, un edificio\u2026 se necesita de una relaci\u00f3n entre lo que existe y lo\r\nque existir\u00e1 para establecer un nuevo paisaje, un nuevo edificio que escriba\r\nuna nueva etapa que a su vez ser\u00e1 sucedida.<\/p>\r\n\r\n\r\n\r\n<p><strong>El\r\nPetit Comte Kindergarten<\/strong><\/p>\r\n\r\n\r\n\r\n<figure class=\"wp-block-image\"><img decoding=\"async\" src=\"https:\/\/panelesach.com\/blog\/wp-content\/uploads\/2019\/01\/RAMON_VILALTA_BLOG2.jpg\" alt=\"El petit comte kindergarten. Ram\u00f3n Vilalta\" class=\"wp-image-1336\"\/><\/figure>\r\n\r\n\r\n\r\n<p>Fue en 2010 cuando se termin\u00f3 esta obra\r\ntambi\u00e9n realizada por RCR Arquitectes en la localidad de Besal\u00fa, cerca de Olot.<\/p>\r\n\r\n\r\n\r\n<p>La escuela municipal, tiene\r\naproximadamente capacidad para 80 ni\u00f1os ocupando sus 1000 metros cuadrados.\r\nDesde el exterior, el edificio casi rectangular, el cual parece sencillo, esta\r\ncubierto con diferentes di\u00e1metros creando un per\u00edmetro con un arco iris de\r\ncolores. El vidrio del suelo al techo se utiliza para encerrar gran parte del\r\nedificio, as\u00ed la luz natural llena de filtros de color la escuela, ya que todas\r\nlas habitaciones dan al exterior, pero est\u00e1n protegidas y seguras. No hay\r\npasillos, rincones oscuros o espacios residuales. De esta manera la\r\ninteracci\u00f3n, la fantas\u00eda y los espacios de juego luminosos crean un ambiente\r\nacogedor para ni\u00f1os los ni\u00f1os y los profesores.<\/p>\r\n\r\n\r\n\r\n<p><strong>Restaurant\r\nEnigma <\/strong><\/p>\r\n\r\n\r\n\r\n\r\n\r\n<p>Enigma, restaurante de Albert Adri\u00e0 (reconocido\r\nchef de 3 Estrellas Michel\u00edn), abre sus puertas en enero de 2017 en el Paralelo\r\nde Barcelona.&nbsp; Es un laberinto de 700 m2\r\ncreado tambi\u00e9n por el estudio de arquitectos RCR, ideado para generar la\r\nsensaci\u00f3n de estar dentro de un enigma y envolver al comensal en un ambiente de\r\nmisterio y futurista.<\/p>\r\n\r\n\r\n\r\n<p>Con la ayuda de Neolith, empresa\r\nespecializada en piedra sinterizada aplicada a interiores y exteriores,\r\nintroduce un nuevo material con propiedades sin precedentes en el mundo de la arquitectura.\r\nY junto a RCR Arquitectes, ha demostrado que, gracias a la innovaci\u00f3n, las\r\nideas m\u00e1s incre\u00edbles pueden llegar a transformase en realidad, por ello, el\r\nfuturo es una inc\u00f3gnita, como este restaurante.<\/p>\r\n\r\n\r\n\r\n<p>En numerosas\r\nocasiones, Albert Adri\u00e0, RCR Arquitectes y Neolith, han sido reconocidos con\r\nimportantes galardones dentro de sus respectivas industrias, pero juntos\r\ncrearon un proyecto espectacular en t\u00e9rminos de dise\u00f1o, calidad del material,\r\ngastronom\u00eda y moda<\/p>\r\n\r\n\r\n\r\n<p>Hasta aqu\u00ed nuestra entrada sobre la trayectoria\r\nprofesional de Ram\u00f3n Vilalta, \u00bfqu\u00e9 os ha parecido? \u00bfcu\u00e1l es el proyecto que m\u00e1s\r\nos ha gustado?; no dudes en proponernos a tu arquitecto favorito para la\r\nsiguiente entrada dedicada a arquitectos espa\u00f1oles.<\/p>\r\n\r\n\r\n\r\n<p>Echa un vistazo a el blog ACH (<a href=\"https:\/\/panelesach.com\/blog\/\" target=\"_blank\" rel=\"noopener\">https:\/\/panelesach.com\/blog\/<\/a>\r\n) para revisar este y otros temas del mundo de la arquitectura.<\/p>\r\n","protected":false},"excerpt":{"rendered":"<p>Continuamos con los arquitectos m\u00e1s representativos de Espa\u00f1a. Esta vez, repasaremos la trayectoria profesional de Ram\u00f3n Vilalta, arquitecto espa\u00f1ol ganador del Premio Pritzker 2017 junto a Rafael Aranda y Carme Pigem. VIDA Y OBRA DE RAMON VILALTA Naci\u00f3 el 25 de abril de 1960 en Vich, Barcelona. Este arquitecto espa\u00f1ol, que se forma en la [&hellip;]<\/p>\n","protected":false},"author":1,"featured_media":7686,"comment_status":"open","ping_status":"open","sticky":false,"template":"","format":"standard","meta":{"_acf_changed":false,"footnotes":""},"categories":[5],"tags":[],"class_list":["post-1334","post","type-post","status-publish","format-standard","has-post-thumbnail","hentry","category-arquitectura"],"acf":[],"_links":{"self":[{"href":"https:\/\/www.panelesach.com\/pt-pt\/wp-json\/wp\/v2\/posts\/1334","targetHints":{"allow":["GET"]}}],"collection":[{"href":"https:\/\/www.panelesach.com\/pt-pt\/wp-json\/wp\/v2\/posts"}],"about":[{"href":"https:\/\/www.panelesach.com\/pt-pt\/wp-json\/wp\/v2\/types\/post"}],"author":[{"embeddable":true,"href":"https:\/\/www.panelesach.com\/pt-pt\/wp-json\/wp\/v2\/users\/1"}],"replies":[{"embeddable":true,"href":"https:\/\/www.panelesach.com\/pt-pt\/wp-json\/wp\/v2\/comments?post=1334"}],"version-history":[{"count":0,"href":"https:\/\/www.panelesach.com\/pt-pt\/wp-json\/wp\/v2\/posts\/1334\/revisions"}],"wp:featuredmedia":[{"embeddable":true,"href":"https:\/\/www.panelesach.com\/pt-pt\/wp-json\/wp\/v2\/media\/7686"}],"wp:attachment":[{"href":"https:\/\/www.panelesach.com\/pt-pt\/wp-json\/wp\/v2\/media?parent=1334"}],"wp:term":[{"taxonomy":"category","embeddable":true,"href":"https:\/\/www.panelesach.com\/pt-pt\/wp-json\/wp\/v2\/categories?post=1334"},{"taxonomy":"post_tag","embeddable":true,"href":"https:\/\/www.panelesach.com\/pt-pt\/wp-json\/wp\/v2\/tags?post=1334"}],"curies":[{"name":"wp","href":"https:\/\/api.w.org\/{rel}","templated":true}]}}