{"id":1098,"date":"2018-03-20T10:47:55","date_gmt":"2018-03-20T10:47:55","guid":{"rendered":"https:\/\/www.panelesach.com\/blog\/?p=1098"},"modified":"2024-12-03T11:07:15","modified_gmt":"2024-12-03T10:07:15","slug":"los-arquitectos-mas-representativos-de-espana-francisco-javier-saenz-de-oiza","status":"publish","type":"post","link":"https:\/\/www.panelesach.com\/pt-pt\/los-arquitectos-mas-representativos-de-espana-francisco-javier-saenz-de-oiza\/","title":{"rendered":"Los arquitectos m\u00e1s representativos de Espa\u00f1a: Francisco Javier S\u00e1enz de Oiza"},"content":{"rendered":"<p>En nuestro repaso por algunos de<strong> los arquitectos m\u00e1s representativos de Espa\u00f1a<\/strong> hoy vamos a hablaros de Francisco Javier S\u00e1enz de Oiza, del que precisamente se cumplen 100 a\u00f1os de su nacimiento.<\/p>\n<p>Paco Oiza como era conocido por sus m\u00e1s allegados, naci\u00f3 en C\u00e1seda (Navarra) el 12 de octubre de 1918. Se licenci\u00f3 en Arquitectura en 1946 en la Escuela de Arquitectura de Madrid, donde obtuvo el \u201cPremio An\u00edbal \u00c1lvarez\u201d al mejor expediente acad\u00e9mico. Adem\u00e1s, pudo completar su formaci\u00f3n hasta 1949 en EEUU gracias a una beca que le concedieron desde la Real Academia de Bellas Artes de San Fernando.<\/p>\n<p>A su vuelta, pudo dedicarse de manera simult\u00e1nea a la<strong> ense\u00f1anza como profesor<\/strong> en la Escuela de Arquitectura de Madrid y como arquitecto en su estudio, en el que lleg\u00f3 a trabajar con algunos de sus hijos.<\/p>\n<p>Estuvo influenciado por la arquitectura urbana de EEUU, sus proyectos y creaciones fueron arriesgados y controvertidos, y finalmente muchas de sus obras han acabado siendo<strong> s\u00edmbolos muy reconocidos<\/strong> hasta convertirse en uno de los arquitectos m\u00e1s representativos de Espa\u00f1a.<\/p>\n<p>&nbsp;<\/p>\n<h4><strong>Francisco Javier S\u00e1enz de Oiza: obras m\u00e1s representativas<\/strong><\/h4>\n<p>De todas las obras realizadas durante su actividad profesional hemos destacado algunas:<\/p>\n<ul>\n<li><strong>Edificio Torres Blancas de Madrid (1969)<\/strong><\/li>\n<\/ul>\n<p>Tiene 71 m de altura y dispone de 21 plantas. Se trata de una torre de hormig\u00f3n visto, con cilindros alrededor y balcones en todo el per\u00edmetro. Lo que Oiza quer\u00eda con este proyecto era conseguir un edificio de viviendas que <strong>simulara el aspecto de un \u00e1rbol<\/strong> y con \u00e9l, consigui\u00f3 ganar el Premio de la Excelencia Europea en 1974. En su construcci\u00f3n cont\u00f3 con la ayuda y colaboraci\u00f3n de Juan Daniel Fullaondo y Rafael Moneo.<\/p>\n<p><a href=\"https:\/\/panelesach.com\/blog\/wp-content\/uploads\/2018\/03\/torres_blancas_1876_630x.jpg\" target=\"_blank\" rel=\"noopener\"><img fetchpriority=\"high\" decoding=\"async\" class=\"aligncenter size-full wp-image-1100\" src=\"https:\/\/panelesach.com\/blog\/wp-content\/uploads\/2018\/03\/torres_blancas_1876_630x.jpg\" alt=\"\" width=\"630\" height=\"384\" \/><\/a><\/p>\n<p style=\"text-align: center;\">\u00a0 \u00a0 \u00a0 \u00a0 \u00a0 \u00a0 \u00a0 \u00a0 \u00a0 \u00a0 \u00a0 Fuente:\u00a0http:\/\/bit.ly\/2HNmfDx<\/p>\n<p>&nbsp;<\/p>\n<ul>\n<li><strong>Torre del Banco de Bilbao<\/strong><\/li>\n<\/ul>\n<p>La Torre del Banco de Bilbao es actualmente conocida como Castellana 81; se construy\u00f3 entre 1974 y 1981 y fue concedida a Oiza como ganador de un concurso en el que se invit\u00f3 a participar a grandes arquitectos de la \u00e9poca. El edificio consta de 30 plantas con una altura total de m\u00e1s de 100 metros. Una de las claves por las que esta obra le define como uno de los arquitectos m\u00e1s representativos de Espa\u00f1a es el <strong>gran reto por la situaci\u00f3n del edificio<\/strong>: debajo se encuentran los t\u00faneles del ferrocarril por lo que era muy importante c\u00f3mo resolver su estructura. Junto a \u00e9l trabajaron Javier Vell\u00e9s, Alfonso Vald\u00e9s, Francisco Alonso y Javier Azofra.<\/p>\n<p><a href=\"https:\/\/panelesach.com\/blog\/wp-content\/uploads\/2018\/03\/2925836.jpg\" target=\"_blank\" rel=\"noopener\"><img decoding=\"async\" class=\"aligncenter wp-image-1101\" src=\"https:\/\/panelesach.com\/blog\/wp-content\/uploads\/2018\/03\/2925836.jpg\" alt=\"\" width=\"676\" height=\"380\" \/><\/a><\/p>\n<p style=\"text-align: center;\">\u00a0 \u00a0 \u00a0 \u00a0 \u00a0 \u00a0 \u00a0 \u00a0 \u00a0Fuente:\u00a0http:\/\/bit.ly\/2pn0gwI<\/p>\n<p>&nbsp;<\/p>\n<ul>\n<li><strong>Edificio de viviendas \u201cEl Ruedo\u201d en la M-30 en Madrid<\/strong><\/li>\n<\/ul>\n<p>Es un edificio de viviendas conocido como \u201cEl Ruedo\u201d por su forma curva, que se cierra en s\u00ed misma dejando \u201cfuera\u201d la M-30 de Madrid. Casi toda la fachada es de ladrillo y en su interior tiene un gran jard\u00edn\/patio. Con este proyecto obtuvo el Premio de Arquitectura y Urbanismo del Ayuntamiento de Madrid en 1991.<a href=\"https:\/\/panelesach.com\/blog\/wp-content\/uploads\/2018\/03\/BING_MAPS.jpg\" target=\"_blank\" rel=\"noopener\"><img decoding=\"async\" class=\"aligncenter wp-image-1102\" src=\"https:\/\/panelesach.com\/blog\/wp-content\/uploads\/2018\/03\/BING_MAPS.jpg\" alt=\"\" width=\"667\" height=\"400\" \/><\/a><\/p>\n<p style=\"text-align: center;\">\u00a0 \u00a0 \u00a0 \u00a0 \u00a0 \u00a0 \u00a0 \u00a0 \u00a0Fuente:\u00a0http:\/\/bit.ly\/2DEILfy<\/p>\n<p>Como hab\u00e9is le\u00eddo, a lo largo de su trayectoria recibi\u00f3 <strong>numerosos premios y reconocimientos<\/strong>, adem\u00e1s de los que ya hemos mencionado cabe destacar el Premio Antonio Camu\u00f1as de Arquitectura en 1989, la Medalla de Oro del Consejo Superior de Arquitectos de Espa\u00f1a en 1989 y el Premio Pr\u00edncipe de Asturias de las Artes como reconocimiento a su trabajo en 1993.<\/p>\n<p>Finalmente Francisco Javier S\u00e1enz de Oiza falleci\u00f3 en su domicilio, el 18 de julio de 2000 en Madrid. Su trayectoria le convirti\u00f3 <strong>sin duda en uno de los arquitectos m\u00e1s representativos de Espa\u00f1a.<\/strong><\/p>\n<p>\u00bfQu\u00e9 opin\u00e1is? \u00bfCre\u00e9is que es normal que generaran pol\u00e9mica algunas de sus obras en su \u00e9poca? No te olvides de estos grandes arquitectos espa\u00f1oles que han inspirado a muchas otras generaciones.<\/p>\n<p>Recordad que pod\u00e9is contactar con nosotros en <a href=\"mailto:info@panelesach.com\">info@panelesach.com<\/a> para cualquier duda, consulta o sugerencia.<\/p>\n","protected":false},"excerpt":{"rendered":"<p>En nuestro repaso por algunos de los arquitectos m\u00e1s representativos de Espa\u00f1a hoy vamos a hablaros de Francisco Javier S\u00e1enz de Oiza, del que precisamente se cumplen 100 a\u00f1os de su nacimiento. Paco Oiza como era conocido por sus m\u00e1s allegados, naci\u00f3 en C\u00e1seda (Navarra) el 12 de octubre de 1918. Se licenci\u00f3 en Arquitectura [&hellip;]<\/p>\n","protected":false},"author":1,"featured_media":7715,"comment_status":"open","ping_status":"open","sticky":false,"template":"","format":"standard","meta":{"_acf_changed":false,"footnotes":""},"categories":[5],"tags":[13,183,184],"class_list":["post-1098","post","type-post","status-publish","format-standard","has-post-thumbnail","hentry","category-arquitectura","tag-arquitectura","tag-arquitecto-importante-espana","tag-saez-de-oiza"],"acf":[],"_links":{"self":[{"href":"https:\/\/www.panelesach.com\/pt-pt\/wp-json\/wp\/v2\/posts\/1098","targetHints":{"allow":["GET"]}}],"collection":[{"href":"https:\/\/www.panelesach.com\/pt-pt\/wp-json\/wp\/v2\/posts"}],"about":[{"href":"https:\/\/www.panelesach.com\/pt-pt\/wp-json\/wp\/v2\/types\/post"}],"author":[{"embeddable":true,"href":"https:\/\/www.panelesach.com\/pt-pt\/wp-json\/wp\/v2\/users\/1"}],"replies":[{"embeddable":true,"href":"https:\/\/www.panelesach.com\/pt-pt\/wp-json\/wp\/v2\/comments?post=1098"}],"version-history":[{"count":0,"href":"https:\/\/www.panelesach.com\/pt-pt\/wp-json\/wp\/v2\/posts\/1098\/revisions"}],"wp:featuredmedia":[{"embeddable":true,"href":"https:\/\/www.panelesach.com\/pt-pt\/wp-json\/wp\/v2\/media\/7715"}],"wp:attachment":[{"href":"https:\/\/www.panelesach.com\/pt-pt\/wp-json\/wp\/v2\/media?parent=1098"}],"wp:term":[{"taxonomy":"category","embeddable":true,"href":"https:\/\/www.panelesach.com\/pt-pt\/wp-json\/wp\/v2\/categories?post=1098"},{"taxonomy":"post_tag","embeddable":true,"href":"https:\/\/www.panelesach.com\/pt-pt\/wp-json\/wp\/v2\/tags?post=1098"}],"curies":[{"name":"wp","href":"https:\/\/api.w.org\/{rel}","templated":true}]}}