{"id":1239,"date":"2018-09-07T11:10:28","date_gmt":"2018-09-07T11:10:28","guid":{"rendered":"https:\/\/www.panelesach.com\/blog\/?p=1239"},"modified":"2024-12-03T10:53:17","modified_gmt":"2024-12-03T09:53:17","slug":"entrevista-al-arquitecto-pablo-millan","status":"publish","type":"post","link":"https:\/\/www.panelesach.com\/fr\/entrevista-al-arquitecto-pablo-millan\/","title":{"rendered":"Entrevista al arquitecto Pablo Mill\u00e1n"},"content":{"rendered":"<p style=\"text-align: center;\"><em>Formaci\u00f3n, premios y vocaci\u00f3n avalan al arquitecto espa\u00f1ol <span style=\"text-decoration: underline;\"><a href=\"http:\/\/www.pablomillan.es\/\" target=\"_blank\" rel=\"noopener\">Pablo Mill\u00e1n<\/a><\/span>. Entre sus obras destacan la Capilla Mart\u00edn de la Jara, un proyecto de rehabilitaci\u00f3n, aspecto en el que su estudio trabaja concienzudamente. Charlamos sobre su pasi\u00f3n por su trabajo y c\u00f3mo las redes sociales pueden ayudar a los j\u00f3venes arquitectos.<\/em><\/p>\n<p>&nbsp;<\/p>\n<ul>\n<li><strong>Ha comentado que el hecho de haber nacido en Porcuna fue determinante para ser arquitecto, Sin embargo, la carrera de Arquitectura es dura, dif\u00edcil. \u00bfSiempre tuvo claro que quer\u00eda ser arquitecto o tuvo dudas? <\/strong><\/li>\n<\/ul>\n<p>Siempre he querido ser arquitecto. Nunca tuve duda. Durante un tiempo anduve fuera de la disciplina estudiando otras cosas tambi\u00e9n vocacionales, para finalmente acabar adoptando a la Arquitectura como la vocaci\u00f3n de mi vida.<\/p>\n<p>Efectivamente la carrera de Arquitectura es dura, pero merece la pena. Cuando empec\u00e9 a estudiar en la Escuela de Arquitectura de la Universidad de Sevilla (mi casa), hab\u00eda un plan un tanto peculiar, llamado, el Plan 75, era duro, muy duro. Pero creo que descubrir que algo es su vocaci\u00f3n hace que nada se ponga por delante. Y as\u00ed fue.<\/p>\n<p>&nbsp;<\/p>\n<ul>\n<li><strong>Estudi\u00f3 en Sevilla y a trabajado en muchas otras ciudades. Echando la vista atr\u00e1s, \u00bfcu\u00e1les cree que son los puntos fuertes y las carencias de la universidad espa\u00f1ola en la formaci\u00f3n de los j\u00f3venes arquitectos? <\/strong><\/li>\n<\/ul>\n<p>Creo que la disciplina de la Arquitectura en Espa\u00f1a goza de muy buena salud. Decir en el extranjero que eres arquitecto espa\u00f1ol es garante de calidad, profesionalidad y buena arquitectura. Hay un punto fuerte en las Escuelas de Arquitectura de Espa\u00f1a y es que tenemos un amplio conocimiento no solo de dise\u00f1o (que tambi\u00e9n) sino tambi\u00e9n de c\u00e1lculo de estructuras, construcci\u00f3n, etc\u2026 Esto no es normal en el resto de Europa, en el que el arquitecto viene a ser como una \u201cdirecci\u00f3n t\u00e9cnica art\u00edstica\u201d.<\/p>\n<p>&nbsp;<\/p>\n<blockquote>\n<p style=\"text-align: right;\"><span style=\"color: #003366;\">\u201cHay un punto fuerte en las Escuelas de Arquitectura de Espa\u00f1a. tenemos un amplio conocimiento en c\u00e1lculo de estructuras y construcci\u00f3n. Esto no es normal en el resto de Europa\u201d<\/span><\/p>\n<\/blockquote>\n<p>Quiz\u00e1 subrayar\u00eda, en cuanto a carencias, la cantidad de escuelas de arquitectura que actualmente hay.<\/p>\n<p><a href=\"https:\/\/panelesach.com\/blog\/wp-content\/uploads\/2018\/09\/pablo.png\" target=\"_blank\" rel=\"noopener\"><img fetchpriority=\"high\" decoding=\"async\" class=\"wp-image-1243 alignright\" src=\"https:\/\/panelesach.com\/blog\/wp-content\/uploads\/2018\/09\/pablo.png\" alt=\"\" width=\"415\" height=\"360\" \/><\/a>La sociedad no es capaz de absorber los arquitectos que a\u00f1o tras a\u00f1o egresan de las escuelas. No obstante, eso obliga a salir y abrirse mundo que es una gran oportunidad y que merece ser vivida.<\/p>\n<p>&nbsp;<\/p>\n<ul>\n<li><strong>En su opini\u00f3n \u00bfc\u00f3mo deber\u00eda enfocar un joven arquitecto su presencia en las redes sociales? <\/strong><\/li>\n<\/ul>\n<p>Las redes sociales son importantes. En el estudio hay una persona que cuida muy mucho la imagen que mostramos en ellas, pero quiz\u00e1 el medio subyuga el contenido. Un joven arquitecto deber\u00eda ver las redes sociales como una oportunidad de poder contar muy sint\u00e9ticamente los proyectos, lo que est\u00e1 escribiendo, lo que est\u00e1 dibujando\u2026 sin hacer caso de la imagen.<\/p>\n<blockquote>\n<p style=\"text-align: right;\"><span style=\"color: #003366;\">\u201cA veces en RRSS el contenido profundo ha\u00a0<\/span><span style=\"color: #003366;\">pasado a un segundo plano.\u201d<\/span><\/p>\n<\/blockquote>\n<p>&nbsp;<\/p>\n<p>El peso de la sociedad en la imagen ha hecho que el contenido profundo de la disciplina haya pasado a un segundo plano, siendo esto lo fundante. Se hacen muy buenas im\u00e1genes, pero vac\u00edas de sentido profundo. Recuerdo un art\u00edculo de un gran arquitecto recientemente fallecido y que fue un gran profesor y amigo, Antonio Gonz\u00e1lez Cord\u00f3n, que dec\u00eda en <em>\u201cLos Corelianos<\/em>\u201d: \u00abL<em>a tecnolog\u00eda de la elaboraci\u00f3n de las ideas con los r\u00e1pidos cad y corels y su millonaria gama de colorines, producida de forma vertiginosa en los 90, ha permitido la proliferaci\u00f3n de \u201cmensajeros del corel<\/em>\u201d, haciendo de esta funci\u00f3n una cuesti\u00f3n m\u00e1s importante que la del mensaje (ya lo aplic\u00f3 MacLuhan para la aldea global)\u00bb. Ah\u00ed queda dicho todo.<\/p>\n<p><strong>\u00a0<\/strong><\/p>\n<ul>\n<li><strong>Tras su paso por el estudio de Alberto Campo Baeza, saca tres lecciones: precisi\u00f3n, luz y raz\u00f3n. \u00bfc\u00f3mo aplica estas 3 ideas en sus proyectos? <\/strong><\/li>\n<\/ul>\n<p>Trabajar en el estudio del maestro Campo Baeza fue un honor, un placer y un profundo aprendizaje. De ese tiempo de trabajo all\u00ed, adem\u00e1s de las lecciones que usted dice, gan\u00e9 a un gran amigo del que a d\u00eda de hoy puedo decir que es mi gran referente en la Arquitectura.<\/p>\n<p>Aplicar lo aprendido all\u00ed en mi arquitectura requiere tiempo, mucho tiempo. La precisi\u00f3n, la luz, la raz\u00f3n\u2026 son conceptos que requieren que la arquitectura repose, se medite, para que poco a poco vaya decantando, quitando lo superfluo y dejando lo esencial. En el estudio me gusta tener siempre al lado un peque\u00f1o libro que escribi\u00f3 Alberto Campo, <span style=\"text-decoration: underline;\"><em><a href=\"http:\/\/oa.upm.es\/30439\/1\/Idea1_opt.pdf\" target=\"_blank\" rel=\"noopener noreferrer\">\u201cLa idea construida<\/a>\u201d<\/em> <\/span>que sintetiza todos estos conceptos a la perfecci\u00f3n y que ser aplicados en cada proyecto es, sin lugar a dudas, todo un reto fascinante.<\/p>\n<p>&nbsp;<\/p>\n<ul>\n<li><strong>La belleza es otra de las grandes cuestiones que se plantea. \u00bfC\u00f3mo definir\u00eda la belleza para usted? <\/strong><\/li>\n<\/ul>\n<p>La belleza hay que buscarla. La belleza no la defino, la busco y en muchas ocasiones la encuentro. Entrar en el edificio de Campo Baeza de la Caja de Granada, sentarse a orar en la Iglesia de Santa Mar\u00eda en Marco de Canaveses de \u00c1lvaro Siza, pasear bajo el \u00f3culo del <em>Pantheon<\/em> o deambular por las galer\u00edas del convento dominico de La Tourette de Le Corbusier, es estar en espacio bellos.\u00a0 Ah\u00ed encuentro la belleza y con esas arquitecturas la defino.<\/p>\n<blockquote>\n<p style=\"text-align: right;\"><span style=\"background-color: #ffffff; color: #003366;\">\u201cLa belleza hay que buscarla. La belleza no la defino, la busco\u201d<\/span><\/p>\n<\/blockquote>\n<p style=\"text-align: center;\"><iframe src=\"https:\/\/www.youtube.com\/embed\/UxnB0d7dRp0\" width=\"560\" height=\"315\" frameborder=\"0\" allowfullscreen=\"allowfullscreen\"><\/iframe><\/p>\n<p>&nbsp;<\/p>\n<ul>\n<li><strong>En los \u00faltimos tiempos se ha debatido sobre la llamada \u201carquitectura de espect\u00e1culo\u201d, m\u00e1s centrada en gustar que en ser funcional. \u00bfQu\u00e9 opina al respecto? <\/strong><\/li>\n<\/ul>\n<p>Pues que lamentablemente es cierto. Recuerdo una frase de Patxi Mangado en una conferencia en Pamplona que lo defin\u00eda perfectamente: \u201cAntes quiz\u00e1 no se escrib\u00eda tan bien, pero se estaba escribiendo El Quijote. Ahora hay muy buena caligraf\u00eda para estar permanentemente redactando revistas del coraz\u00f3n\u201d. Un tema de caligraf\u00eda, de formas sin contenido, de p\u00e9rdida de raz\u00f3n de ser. Si la Arquitectura pierde esa raz\u00f3n de ser, no le quedar\u00e1 nada. Pero, frente a esas arquitecturas del espect\u00e1culo, hay otras muchas, muy buenas, que gozan de buena salud y que personalmente son las que me interesan.<\/p>\n<p>&nbsp;<\/p>\n<ul>\n<li><strong>Valpara\u00edso es otra ciudad que marca su trayectoria \u00bfc\u00f3mo definir\u00eda la ciudad en t\u00e9rminos arquitect\u00f3nicos? <\/strong><\/li>\n<\/ul>\n<p>Es una ciudad ingr\u00e1vida. En esa ciudad de \u201clocura\u201d la arquitectura est\u00e1 permanentemente retando a la gravedad. Ese fue mi gran inter\u00e9s por la ciudad y ese es el inter\u00e9s que hace que permanentemente vaya all\u00ed a seguir aprendiendo.<\/p>\n<blockquote>\n<p style=\"text-align: right;\"><span style=\"color: #000080;\">\u201cValpara\u00edso es ingr\u00e1vida. Est\u00e1 constantemente retando a la gravedad\u201d<\/span><\/p>\n<\/blockquote>\n<p>Adem\u00e1s, en t\u00e9rminos arquitect\u00f3nicos, tengo que decir que all\u00ed hay una de las escuelas m\u00e1s interesantes que hay en el mundo, la <span style=\"text-decoration: underline;\"><a href=\"https:\/\/www.ead.pucv.cl\/\" target=\"_blank\" rel=\"noopener noreferrer\">Escuela de Arquitectura y Dise\u00f1o de la Pontificia Universidad Cat\u00f3lica<\/a><\/span>, una escuela experimental que sigue siendo referencia mundial en el campo de la investigaci\u00f3n y el dise\u00f1o.<\/p>\n<p>&nbsp;<\/p>\n<ul>\n<li><strong>La arquitectura se enfrenta a grandes retos: falta de espacio en las grandes ciudades, uso de materiales sostenibles, la impresi\u00f3n 3D y un largo etc\u00e9tera. \u00bfC\u00f3mo lo enfoca en sus proyectos? <\/strong><\/li>\n<\/ul>\n<p>En el estudio tenemos un especial inter\u00e9s por la rehabilitaci\u00f3n. Creo que ah\u00ed radica gran parte de estos importantes retos. Rehabilitar no es simplemente mantener, es buscar nuevas formas de hacer arquitectura manteniendo lo necesario. Eso nos hace responsables con el medio y nos obliga a no hacer <em>t\u00e1bula rasa <\/em>en las ciudades. Analizar el lugar, buscar los caracteres identitarios que hacen \u00fanico al espacio en el que estamos trabajando, utilizar los materiales y sistemas estructurales vern\u00e1culos, etc\u2026 Estos son algunos de los planteamientos que intentamos aplicar en toda nuestra arquitectura y que hacen que todo, absolutamente todo sea importante en el proyecto.<\/p>\n<blockquote>\n<p style=\"text-align: right;\"><span style=\"color: #003366;\">\u201cRehabilitar no es simplemente mantener, es buscar nuevas formas de hacer arquitectura manteniendo lo necesario\u201d<\/span><\/p>\n<p style=\"text-align: right;\"><strong>\u00a0<\/strong><\/p>\n<\/blockquote>\n<ul>\n<li><strong>\u00bfCu\u00e1les son los \u00faltimos materiales que m\u00e1s le han sorprendido? <\/strong><\/li>\n<\/ul>\n<p>En una obra que acabo de terminar, la restauraci\u00f3n de \u201cLa casa de la Piedra\u201d en Porcuna (Ja\u00e9n). Hemos utilizado un material que me ha dejado tan sorprendido que ahora mismo lo estoy proyectando para una nueva obra. Es el hormig\u00f3n de m\u00e1rmol blanco.<a href=\"https:\/\/panelesach.com\/blog\/wp-content\/uploads\/2018\/09\/untitled.png\" target=\"_blank\" rel=\"noopener\"><img decoding=\"async\" class=\"wp-image-1255 alignleft\" src=\"https:\/\/panelesach.com\/blog\/wp-content\/uploads\/2018\/09\/untitled.png\" alt=\"\" width=\"465\" height=\"261\" \/><\/a><\/p>\n<p>Adem\u00e1s de ser de una belleza extrema, nos permite hacer estructuras portantes para dejarlas vistas. Esto en contextos patrimoniales es muy importante ya que con un solo elemento se resuelve fuerza, forma y funci\u00f3n.\u00a0 Concretamente este que hemos puesto lo hemos fabricado con m\u00e1rmol de Macael machacado junto con el puro cemento blanco de Cemex. Esa uni\u00f3n nos ha dado unos planos perfectos, limpios y<\/p>\n<p>&nbsp;<\/p>\n<p>&nbsp;<\/p>\n<p>&nbsp;<\/p>\n<p>&nbsp;<\/p>\n<p>&nbsp;<\/p>\n<ul>\n<li><strong>El Patrimonio ha sido objeto de su estudio \u00bfc\u00f3mo cree que est\u00e1 el panorama en Espa\u00f1a? \u00bfSe est\u00e1n haciendo las cosas bien? <\/strong><\/li>\n<\/ul>\n<p>Creo que habr\u00eda que distinguir dos cosas. Por un lado las intervenciones de conservaci\u00f3n que se est\u00e1n haciendo y por otro lado la protecci\u00f3n del patrimonio en s\u00ed. Dir\u00eda que la nueva arquitectura en patrimonio se est\u00e1 haciendo muy bien y con muy buen criterio. Creo que hay muchos y muy buenos arquitectos interviniendo patrimonio, pero claro, luego veo lo que ha ocurrido con el proyecto de la Alhambra de \u00c1lvaro Siza y Juan Domingo Santos y es cuando creo que seguimos pensando decimon\u00f3nicamente el patrimonio.<\/p>\n<p>Por otro lado est\u00e1 el tema de la protecci\u00f3n del patrimonio. Cada vez se blindan m\u00e1s elementos o edificios singulares y se permiten mayores destrucciones de arquitecturas patrimoniales an\u00f3nimas. Ah\u00ed es donde el arquitecto debe posicionarse y trabajar seriamente para concienciar a esta sociedad que tan patrimonio es la Catedral de Sevilla como el Gimnasio Maravillas de Alejandro de la Sota.<\/p>\n<p>&nbsp;<\/p>\n<ul>\n<li><strong>Hablemos de la Capilla Mart\u00edn de la Jara, uno de sus proyectos premiados. La idea de \u201ccaja de luz\u201d \u00bfc\u00f3mo surgi\u00f3 esta reflexi\u00f3n?<\/strong><\/li>\n<\/ul>\n<p>Este proyecto para el estudio ha sido uno de los proyectos m\u00e1s importantes. Quiz\u00e1 es el m\u00e1s peque\u00f1o de lo que hemos desarrollado hasta ahora, pero el que con m\u00e1s intensidad, trabajo y tiempo le hemos dedicado. El encargo, para un creyente, es una de las responsabilidades m\u00e1s importantes: hacer una capilla para el Sant\u00edsimo Sacramento. A partir de ah\u00ed trabajamos con tres ideas: la luz, la sobriedad franciscana y la idea de caja.<\/p>\n<blockquote>\n<p style=\"text-align: right;\"><span style=\"color: #003366;\">\u201cEl resultado de la Capilla Mart\u00edn de la Jara fue tan bueno que pocos d\u00edas despu\u00e9s de la inauguraci\u00f3n nos llamaron de la Santa Sede en Roma\u201d<\/span><\/p>\n<\/blockquote>\n<p><a href=\"https:\/\/panelesach.com\/blog\/wp-content\/uploads\/2018\/09\/metalocus_iglesialuz_01.jpg\" target=\"_blank\" rel=\"noopener\"><img decoding=\"async\" class=\"wp-image-1256 alignleft\" src=\"https:\/\/panelesach.com\/blog\/wp-content\/uploads\/2018\/09\/metalocus_iglesialuz_01.jpg\" alt=\"\" width=\"280\" height=\"378\" \/><\/a>Buscando los materiales m\u00ednimos proyectamos una caja muy sencilla que fuera capaz de acoger la mayor cantidad de luz posible. De ah\u00ed que todo fuera blanco. En esa caja no hay distracci\u00f3n alguna m\u00e1s que el lugar en el que est\u00e1 el Sagrario. Tambi\u00e9n aprovechamos hacer esa caja para poder introducir luz al resto de la iglesia que era bastante oscura. El resultado fue tan bueno que pocos d\u00edas despu\u00e9s de la inauguraci\u00f3n nos llamaron de la Santa Sede en Roma y nos pidieron toda la documentaci\u00f3n para publicar la capillita en un libro que acaba de salir recientemente sobre arquitectura sagrada.<\/p>\n<p>&nbsp;<\/p>\n<ul>\n<li><strong>\u00bfNos podr\u00eda adelantar alg\u00fan proyecto que tenga entre manos de cara al pr\u00f3ximo a\u00f1o? <\/strong><\/li>\n<\/ul>\n<p>En el estudio no tenemos m\u00e1s que un proyecto en la mesa y otro en obra. De no ser as\u00ed perder\u00edamos el control de cada una de las obras. Ahora mismo tenemos encima de la mesa la restauraci\u00f3n y puesta en valor de unas Cisternas Romanas.<\/p>\n<p>Se trata de una construcci\u00f3n subterr\u00e1nea que hay que poner en valor y a su vez construir un nuevo espacio para la recepci\u00f3n de visitantes. Es todo un reto en el que la luz, la raz\u00f3n y la precisi\u00f3n ser\u00e1n partes fundantes y ser\u00e1n las encargadas de gestar esta nueva obra.<\/p>\n","protected":false},"excerpt":{"rendered":"<p>Formaci\u00f3n, premios y vocaci\u00f3n avalan al arquitecto espa\u00f1ol Pablo Mill\u00e1n. Entre sus obras destacan la Capilla Mart\u00edn de la Jara, un proyecto de rehabilitaci\u00f3n, aspecto en el que su estudio trabaja concienzudamente. Charlamos sobre su pasi\u00f3n por su trabajo y c\u00f3mo las redes sociales pueden ayudar a los j\u00f3venes arquitectos. &nbsp; Ha comentado que el [&hellip;]<\/p>\n","protected":false},"author":1,"featured_media":7670,"comment_status":"open","ping_status":"open","sticky":false,"template":"","format":"standard","meta":{"_acf_changed":false,"footnotes":""},"categories":[5,116],"tags":[20,204,205,206],"class_list":["post-1239","post","type-post","status-publish","format-standard","has-post-thumbnail","hentry","category-arquitectura","category-entrevista","tag-entrevista","tag-arquitecto-espanol","tag-pablo-milan","tag-rehabilitacion"],"acf":[],"_links":{"self":[{"href":"https:\/\/www.panelesach.com\/fr\/wp-json\/wp\/v2\/posts\/1239","targetHints":{"allow":["GET"]}}],"collection":[{"href":"https:\/\/www.panelesach.com\/fr\/wp-json\/wp\/v2\/posts"}],"about":[{"href":"https:\/\/www.panelesach.com\/fr\/wp-json\/wp\/v2\/types\/post"}],"author":[{"embeddable":true,"href":"https:\/\/www.panelesach.com\/fr\/wp-json\/wp\/v2\/users\/1"}],"replies":[{"embeddable":true,"href":"https:\/\/www.panelesach.com\/fr\/wp-json\/wp\/v2\/comments?post=1239"}],"version-history":[{"count":0,"href":"https:\/\/www.panelesach.com\/fr\/wp-json\/wp\/v2\/posts\/1239\/revisions"}],"wp:featuredmedia":[{"embeddable":true,"href":"https:\/\/www.panelesach.com\/fr\/wp-json\/wp\/v2\/media\/7670"}],"wp:attachment":[{"href":"https:\/\/www.panelesach.com\/fr\/wp-json\/wp\/v2\/media?parent=1239"}],"wp:term":[{"taxonomy":"category","embeddable":true,"href":"https:\/\/www.panelesach.com\/fr\/wp-json\/wp\/v2\/categories?post=1239"},{"taxonomy":"post_tag","embeddable":true,"href":"https:\/\/www.panelesach.com\/fr\/wp-json\/wp\/v2\/tags?post=1239"}],"curies":[{"name":"wp","href":"https:\/\/api.w.org\/{rel}","templated":true}]}}