{"id":1185,"date":"2018-06-04T14:57:52","date_gmt":"2018-06-04T14:57:52","guid":{"rendered":"https:\/\/www.panelesach.com\/blog\/?p=1185"},"modified":"2024-12-03T11:07:32","modified_gmt":"2024-12-03T10:07:32","slug":"el-acero-corten-el-nuevo-material-de-construccion","status":"publish","type":"post","link":"https:\/\/www.panelesach.com\/fr\/el-acero-corten-el-nuevo-material-de-construccion\/","title":{"rendered":"El acero Corten, de los vagones de tren a fachadas imposibles"},"content":{"rendered":"<p>Uno de los materiales que se ha convertido en tendencia y que hoy m\u00e1s que nunca lo vemos en grandes edificios y hasta se utiliza para elementos decorativos es, el <strong>acero Corten<\/strong>. \u00bfQu\u00e9 es? \u00bfPara qu\u00e9 tipo de construcciones se utiliza? Salimos de dudas: el acero Corten en la nueva tendencia en construcci\u00f3n.<\/p>\n<p>&nbsp;<\/p>\n<h4>El nuevo material de moda: el acero Corten<\/h4>\n<p>\u00daltimamente lo encontramos en fachadas de edificios grandes o peque\u00f1os, en los rincones de cualquier ciudad en\u00a0 bancos, esculturas, papeleras o en decoraci\u00f3n interior. \u00a0A pesar de ello su fabricaci\u00f3n comenz\u00f3 en Estados Unidos en el a\u00f1o 1933. Fue usado, en un primer momento, para los vagones de carga de tren. No se trat\u00f3 de una decisi\u00f3n aleatoria ya que la <strong>caracter\u00edstica principal<\/strong> del material reside en la <strong>durabilidad<\/strong> porque no es necesario realizar ning\u00fan mantenimiento durante, al menos, 80 a\u00f1os.<\/p>\n<p><a href=\"https:\/\/panelesach.com\/blog\/wp-content\/uploads\/2018\/06\/shutterstock_116868556.jpg\" target=\"_blank\" rel=\"noopener\"><img fetchpriority=\"high\" decoding=\"async\" class=\"aligncenter wp-image-1186\" src=\"https:\/\/panelesach.com\/blog\/wp-content\/uploads\/2018\/06\/shutterstock_116868556.jpg\" alt=\"\" width=\"569\" height=\"379\" \/><\/a><\/p>\n<p style=\"text-align: left;\">Posteriormente, en los a\u00f1os 60 pas\u00f3 a ser usado para obras civiles y de arquitectura. Se acab\u00f3 tener que estar pendiente de la conservaci\u00f3n de las fachadas ya que una <strong>composici\u00f3n qu\u00edmica se encarga de proporcionar una oxidaci\u00f3n que protege a la pieza<\/strong>. De esta manera, logr\u00f3 ganarse el respeto de los arquitectos, adem\u00e1s de por su particular color.<\/p>\n<p style=\"text-align: left;\">El primer edificio que se construy\u00f3 \u00edntegramente en acero Corten, fue el edificio administrativo de John Deere en Illinois.<a href=\"https:\/\/panelesach.com\/blog\/wp-content\/uploads\/2018\/06\/il-john-deere-pavilion-b.jpg\" target=\"_blank\" rel=\"noopener\"><img decoding=\"async\" class=\"aligncenter wp-image-1198\" src=\"https:\/\/panelesach.com\/blog\/wp-content\/uploads\/2018\/06\/il-john-deere-pavilion-b.jpg\" alt=\"\" width=\"650\" height=\"423\" \/><\/a><\/p>\n<p style=\"text-align: center;\">Fuente:\u00a0<a href=\"https:\/\/bit.ly\/2kOHQSN\" target=\"_blank\" rel=\"noopener\">https:\/\/bit.ly\/2kOHQSN\u00a0<\/a><\/p>\n<p>&nbsp;<\/p>\n<h4>Acero Corten: algunos ejemplos<\/h4>\n<p>En Espa\u00f1a algunas de las <a href=\"https:\/\/incoperfil.com\/el-acero-corten-en-la-edificacion-recorrido-por-la-historia-hasta-hoy-com-1-50-56-331\/\" target=\"_blank\" rel=\"noopener\"><u>edificaciones m\u00e1s representativas<\/u> <\/a>realizadas con acero Corten son:<\/p>\n<p>Centro cultural Caixa Forum Madrid construido en 2002 por Herzog &amp; de Meuron.<\/p>\n<p><a href=\"https:\/\/panelesach.com\/blog\/wp-content\/uploads\/2018\/06\/caixaforum-madrid-arquitectura-herzog-de-meuron-muro-verde-jardin-vertical.jpg\" target=\"_blank\" rel=\"noopener\"><img decoding=\"async\" class=\"aligncenter wp-image-1188\" src=\"https:\/\/panelesach.com\/blog\/wp-content\/uploads\/2018\/06\/caixaforum-madrid-arquitectura-herzog-de-meuron-muro-verde-jardin-vertical.jpg\" alt=\"\" width=\"620\" height=\"454\" \/><\/a><\/p>\n<p style=\"text-align: center;\">Fuente:\u00a0<a href=\"http:\/\/seiyu.es\/caixaforum-madrid-arquitectura-herzog-de-meuron\/\" target=\"_blank\" rel=\"noopener\">https:\/\/bit.ly\/2Ja1qHO<\/a><\/p>\n<p>El Jard\u00edn Bot\u00e1nico de Barcelona construido en 1999 por Carles Ferrater, Josep Llu\u00eds Canosa y Bet Figueras.<a href=\"https:\/\/panelesach.com\/blog\/wp-content\/uploads\/2018\/06\/shutterstock_284526728.jpg\" target=\"_blank\" rel=\"noopener\"><img loading=\"lazy\" decoding=\"async\" class=\"aligncenter wp-image-1189\" src=\"https:\/\/panelesach.com\/blog\/wp-content\/uploads\/2018\/06\/shutterstock_284526728.jpg\" alt=\"\" width=\"664\" height=\"444\" \/><\/a><\/p>\n<p>&nbsp;<\/p>\n<p style=\"text-align: left;\">El Palacio Euskalduna en Bilbao construido en 1999 por Federico Soriano y Dolores Palacios.<a href=\"https:\/\/panelesach.com\/blog\/wp-content\/uploads\/2018\/06\/fichero9198.jpg\" target=\"_blank\" rel=\"noopener\"><br \/>\n<img loading=\"lazy\" decoding=\"async\" class=\"aligncenter size-full wp-image-1190\" src=\"https:\/\/panelesach.com\/blog\/wp-content\/uploads\/2018\/06\/fichero9198.jpg\" alt=\"\" width=\"660\" height=\"365\" \/><\/a>\u00a0 \u00a0 \u00a0 \u00a0 \u00a0 \u00a0 \u00a0 \u00a0 \u00a0 \u00a0 \u00a0 \u00a0 \u00a0 \u00a0 \u00a0 \u00a0 \u00a0 \u00a0 \u00a0 \u00a0 \u00a0 \u00a0 \u00a0 \u00a0 \u00a0 \u00a0 \u00a0 \u00a0 \u00a0 \u00a0 Fuente:\u00a0<a href=\"https:\/\/bit.ly\/2xEevU8\" target=\"_blank\" rel=\"noopener\">https:\/\/bit.ly\/2xEevU8<\/a><\/p>\n","protected":false},"excerpt":{"rendered":"<p>Uno de los materiales que se ha convertido en tendencia y que hoy m\u00e1s que nunca lo vemos en grandes edificios y hasta se utiliza para elementos decorativos es, el acero Corten. \u00bfQu\u00e9 es? \u00bfPara qu\u00e9 tipo de construcciones se utiliza? Salimos de dudas: el acero Corten en la nueva tendencia en construcci\u00f3n. &nbsp; El [&hellip;]<\/p>\n","protected":false},"author":1,"featured_media":7739,"comment_status":"open","ping_status":"open","sticky":false,"template":"","format":"standard","meta":{"_acf_changed":false,"footnotes":""},"categories":[5,46,182,199],"tags":[11,13,197],"class_list":["post-1185","post","type-post","status-publish","format-standard","has-post-thumbnail","hentry","category-arquitectura","category-construccion","category-tendencias","category-acero-corten","tag-acero-corten","tag-arquitectura","tag-materiales"],"acf":[],"_links":{"self":[{"href":"https:\/\/www.panelesach.com\/fr\/wp-json\/wp\/v2\/posts\/1185","targetHints":{"allow":["GET"]}}],"collection":[{"href":"https:\/\/www.panelesach.com\/fr\/wp-json\/wp\/v2\/posts"}],"about":[{"href":"https:\/\/www.panelesach.com\/fr\/wp-json\/wp\/v2\/types\/post"}],"author":[{"embeddable":true,"href":"https:\/\/www.panelesach.com\/fr\/wp-json\/wp\/v2\/users\/1"}],"replies":[{"embeddable":true,"href":"https:\/\/www.panelesach.com\/fr\/wp-json\/wp\/v2\/comments?post=1185"}],"version-history":[{"count":0,"href":"https:\/\/www.panelesach.com\/fr\/wp-json\/wp\/v2\/posts\/1185\/revisions"}],"wp:featuredmedia":[{"embeddable":true,"href":"https:\/\/www.panelesach.com\/fr\/wp-json\/wp\/v2\/media\/7739"}],"wp:attachment":[{"href":"https:\/\/www.panelesach.com\/fr\/wp-json\/wp\/v2\/media?parent=1185"}],"wp:term":[{"taxonomy":"category","embeddable":true,"href":"https:\/\/www.panelesach.com\/fr\/wp-json\/wp\/v2\/categories?post=1185"},{"taxonomy":"post_tag","embeddable":true,"href":"https:\/\/www.panelesach.com\/fr\/wp-json\/wp\/v2\/tags?post=1185"}],"curies":[{"name":"wp","href":"https:\/\/api.w.org\/{rel}","templated":true}]}}