{"id":1270,"date":"2018-09-20T14:22:08","date_gmt":"2018-09-20T14:22:08","guid":{"rendered":"https:\/\/www.panelesach.com\/blog\/?p=1270"},"modified":"2024-12-03T10:53:10","modified_gmt":"2024-12-03T09:53:10","slug":"las-fachadas-vegetales-una-nueva-tendencia","status":"publish","type":"post","link":"https:\/\/www.panelesach.com\/en\/las-fachadas-vegetales-una-nueva-tendencia\/","title":{"rendered":"Las fachadas vegetales, una nueva tendencia"},"content":{"rendered":"<h3>Las fachadas vegetales, una nueva tendencia<\/h3>\n<p>La vegetaci\u00f3n siempre es una buena aliada y m\u00e1s cuando, a diario, tenemos que sufrir los efectos de la poluci\u00f3n en forma de la mala calidad del aire y del cambio clim\u00e1tico en general.<\/p>\n<p>El estilo de vida en las ciudades no suele ser muy ecol\u00f3gico y al final los pulmones de las metr\u00f3polis, que tienen forma de parques, <strong>son insuficientes para combatir la contaminaci\u00f3n<\/strong>. Por ello, las fachadas vegetales se est\u00e1n convirtiendo en peque\u00f1os oasis dentro de las ciudades.<\/p>\n<p>Un sistema constructivo basado en una fachada verde o vegetal, o ciertos detalles constructivos con este perfil de material, ayudan y mucho a la ciudad en m\u00faltiples aspectos como la poluci\u00f3n o la contaminaci\u00f3n ac\u00fastica.<\/p>\n<figure id=\"attachment_1274\" aria-describedby=\"caption-attachment-1274\" style=\"width: 750px\" class=\"wp-caption aligncenter\"><a href=\"https:\/\/panelesach.com\/blog\/wp-content\/uploads\/2018\/09\/shutterstock_89534434.jpg\" target=\"_blank\" rel=\"noopener\"><img fetchpriority=\"high\" decoding=\"async\" class=\"wp-image-1274\" src=\"https:\/\/panelesach.com\/blog\/wp-content\/uploads\/2018\/09\/shutterstock_89534434.jpg\" alt=\"fachadas vegetales\" width=\"750\" height=\"486\" \/><\/a><figcaption id=\"caption-attachment-1274\" class=\"wp-caption-text\">Las fachadas vegetales, una nueva tendencia&#8230;<\/figcaption><\/figure>\n<p>[Tweet &#8220;En las fachadas vegetales, solo hay un elemento constructivo: el vegetal.&#8221;]<\/p>\n<p>Si pensamos en la sostenibilidad, estos espacios pueden llegar a aportar numerosos beneficios sin utilizar una gran superficie. Adem\u00e1s, son superficies que de otro modo no tendr\u00edan utilidad alguna, en la mayor\u00eda de los casos.<\/p>\n<p>Se est\u00e1 convirtiendo en una tendencia a nivel mundial e incluso <strong>hay ciudades que financian<\/strong> <strong>los revestimientos vegetales.<\/strong> Es el caso de la ciudad colombiana de Medell\u00edn donde la Secretar\u00eda del Medio Ambiente pretende <u><a href=\"http:\/\/www.elcolombiano.com\/antioquia\/mas-fachadas-verdes-oxigenan-el-aire-y-los-paisajes-de-medellin-DK8518410\" target=\"_blank\" rel=\"noopener noreferrer\">llenar los espacios p\u00fablicos<\/a><\/u>\u00a0con estos paisajes.<\/p>\n<p><a href=\"https:\/\/panelesach.com\/blog\/wp-content\/uploads\/2018\/09\/shutterstock_313287029.jpg\" target=\"_blank\" rel=\"noopener\"><img decoding=\"async\" class=\"aligncenter wp-image-1275\" src=\"https:\/\/panelesach.com\/blog\/wp-content\/uploads\/2018\/09\/shutterstock_313287029.jpg\" alt=\"\" width=\"900\" height=\"600\" \/><\/a><\/p>\n<p>Existen dos tipos de estructuras que son: las <strong>fachadas vegetales<\/strong> y los <strong>muros vivos<\/strong>. Las primeras, se caracterizan por contar con apoyos para encauzar el crecimiento de las plantas de manera que obtengan una posici\u00f3n vertical. Suelen crecer desde el suelo y las ra\u00edces se van apoyando en la superficie vertical.<\/p>\n<p>Por otro lado, los <strong>muros verdes<\/strong>, son estructuras que se adhieren a la pared para que crezcan los vegetales del armaz\u00f3n artificial.Plantas, flores, algas e incluso hortalizas pueden formar parte de estas estructuras con dise\u00f1os inteligentes.<\/p>\n<figure id=\"attachment_1276\" aria-describedby=\"caption-attachment-1276\" style=\"width: 750px\" class=\"wp-caption aligncenter\"><a href=\"https:\/\/panelesach.com\/blog\/wp-content\/uploads\/2018\/09\/shutterstock_786051976.jpg\" target=\"_blank\" rel=\"noopener\"><img decoding=\"async\" class=\"wp-image-1276\" src=\"https:\/\/panelesach.com\/blog\/wp-content\/uploads\/2018\/09\/shutterstock_786051976.jpg\" alt=\"Las fachadas vegetales son un futuro que ya es presente.\" width=\"750\" height=\"500\" \/><\/a><figcaption id=\"caption-attachment-1276\" class=\"wp-caption-text\">Las fachadas vegetales son un futuro que ya es presente.<\/figcaption><\/figure>\n<p>Si te interesa,\u00a0<a href=\"https:\/\/inarquia.es\/top-10-fachadas-vegetales-en-edificios\" target=\"_blank\" rel=\"noopener noreferrer\">aqu\u00ed\u00a0puedes ver<\/a> algunas de las fachadas m\u00e1s impresionantes del mundo.<\/p>\n<p>Adem\u00e1s, este tipo de inversi\u00f3n <strong>puede aportar m\u00e1s beneficios<\/strong> de los que creemos y no solo para el medioambiente sino tambi\u00e9n para nuestros propios hogares. Los muros verdes consiguen aislar de los ruidos externos y son capaces tambi\u00e9n de generar temperaturas m\u00e1s estables tanto en verano como en invierno.<\/p>\n<p>Juntos podemos hacer <strong>una ciudad m\u00e1s sostenible.\u00a0<\/strong>\u00bfte unes a esta nueva tendencia?<\/p>\n","protected":false},"excerpt":{"rendered":"<p>Las fachadas vegetales, una nueva tendencia La vegetaci\u00f3n siempre es una buena aliada y m\u00e1s cuando, a diario, tenemos que sufrir los efectos de la poluci\u00f3n en forma de la mala calidad del aire y del cambio clim\u00e1tico en general. El estilo de vida en las ciudades no suele ser muy ecol\u00f3gico y al final [&hellip;]<\/p>\n","protected":false},"author":1,"featured_media":7674,"comment_status":"open","ping_status":"open","sticky":false,"template":"","format":"standard","meta":{"_acf_changed":false,"footnotes":""},"categories":[5,6,175,182,186,188,189,191],"tags":[],"class_list":["post-1270","post","type-post","status-publish","format-standard","has-post-thumbnail","hentry","category-arquitectura","category-sostenibilidad","category-smart-city","category-tendencias","category-colombia","category-espana","category-mexico","category-peru"],"acf":[],"_links":{"self":[{"href":"https:\/\/www.panelesach.com\/en\/wp-json\/wp\/v2\/posts\/1270","targetHints":{"allow":["GET"]}}],"collection":[{"href":"https:\/\/www.panelesach.com\/en\/wp-json\/wp\/v2\/posts"}],"about":[{"href":"https:\/\/www.panelesach.com\/en\/wp-json\/wp\/v2\/types\/post"}],"author":[{"embeddable":true,"href":"https:\/\/www.panelesach.com\/en\/wp-json\/wp\/v2\/users\/1"}],"replies":[{"embeddable":true,"href":"https:\/\/www.panelesach.com\/en\/wp-json\/wp\/v2\/comments?post=1270"}],"version-history":[{"count":0,"href":"https:\/\/www.panelesach.com\/en\/wp-json\/wp\/v2\/posts\/1270\/revisions"}],"wp:featuredmedia":[{"embeddable":true,"href":"https:\/\/www.panelesach.com\/en\/wp-json\/wp\/v2\/media\/7674"}],"wp:attachment":[{"href":"https:\/\/www.panelesach.com\/en\/wp-json\/wp\/v2\/media?parent=1270"}],"wp:term":[{"taxonomy":"category","embeddable":true,"href":"https:\/\/www.panelesach.com\/en\/wp-json\/wp\/v2\/categories?post=1270"},{"taxonomy":"post_tag","embeddable":true,"href":"https:\/\/www.panelesach.com\/en\/wp-json\/wp\/v2\/tags?post=1270"}],"curies":[{"name":"wp","href":"https:\/\/api.w.org\/{rel}","templated":true}]}}