{"id":1125,"date":"2018-04-04T08:13:24","date_gmt":"2018-04-04T08:13:24","guid":{"rendered":"https:\/\/www.panelesach.com\/blog\/?p=1125"},"modified":"2024-12-03T11:07:06","modified_gmt":"2024-12-03T10:07:06","slug":"entrevista-a-nacho-dominguez-adame","status":"publish","type":"post","link":"https:\/\/www.panelesach.com\/en\/entrevista-a-nacho-dominguez-adame\/","title":{"rendered":"Entrevista a a Nacho Dom\u00ednguez Adame"},"content":{"rendered":"<p style=\"text-align: center;\"><strong><em>La arquitectura y la tecnolog\u00eda avanzan r\u00e1pido. Una de las tendencias con mayor evoluci\u00f3n es la impresi\u00f3n 3D. Hablamos con Nacho Dom\u00ednguez Adame, arquitecto y profesor especializado en este campo. \u00bfCu\u00e1les son los retos de la impresi\u00f3n? \u00bfqu\u00e9 ventajas ofrece? Nos lo cuenta.<\/em><\/strong><\/p>\n<p>&nbsp;<\/p>\n<p><strong>\u00bfPor qu\u00e9 te decidiste por la Arquitectura? \u00bfSiempre lo has tenido claro? \u00bfc\u00f3mo fue el paso de la universidad al mundo laboral? <\/strong><\/p>\n<p>Creo que es algo que viene desde peque\u00f1o porque mi padre era Arquitecto T\u00e9cnico, mis t\u00edos ingenieros y creo que sin ning\u00fan tipo de presi\u00f3n s\u00ed hab\u00eda un campo de cultivo para que me interesara. Me decid\u00ed firmemente por la Arquitectura tres o cuatro a\u00f1os antes de comenzar la carrera aunque es verdad que desconoc\u00eda la complejidad que abarca el t\u00e9rmino Arquitectura. Esta situaci\u00f3n se prolong\u00f3 los primeros a\u00f1os de carrera. He de reconocer que me aferraba a una concepci\u00f3n m\u00e1s cl\u00e1sica sobre qu\u00e9 era Arquitectura pero entre el segundo y tercer a\u00f1o hubo un punto de inflexi\u00f3n: conoc\u00ed a una serie de compa\u00f1eros, profesores y estudiantes, que son los que \u00a0me ayudaron a ampliar el significado. Recuerdo las clases con Antonio S\u00e1seta, Jose P\u00e9rez de Lama, Paco M\u00e1rquez y esa sensaci\u00f3n de que exist\u00edan muchas m\u00e1s maneras de hacer o afrontar la Arquitectura, de repente el paraguas de la pr\u00e1ctica arquitect\u00f3nica era mucho m\u00e1s amplio.<\/p>\n<p>&nbsp;<\/p>\n<p>[Tweet &#8220;\u201cExisten muchas maneras de hacer o afrontar la Arquitectura. La pr\u00e1ctica es mucho m\u00e1s amplia\u201d&#8221;]<\/p>\n<p><em>\u00a0<\/em><\/p>\n<p>En mi caso el paso de la universidad al mundo laboral lo di a final del segundo a\u00f1o de carrera. En 2001 hab\u00eda poca gente que hiciera modelos 3D e infograf\u00eda de arquitectura y fue una manera de comenzar a trabajar. Me llamaron para un concurso y al final me qued\u00e9 casi 4 a\u00f1os en ese estudio.<\/p>\n<p>&nbsp;<\/p>\n<p><strong>Tu experiencia abarca muchos aspectos: papel, arquitectura e impresi\u00f3n 3D \u00bfqu\u00e9 es lo que m\u00e1s te gusta? <\/strong><\/p>\n<p>\u00a1Mezclarlo todo! Creo que la riqueza est\u00e1 en ir integrando los campos y las t\u00e9cnicas que te interesen. Muchas veces al final de mis cursos de Dise\u00f1o 3D los alumnos me preguntan: \u201c\u00bfy t\u00fa c\u00f3mo comienzas un proyecto\/dise\u00f1o?\u201d. La respuesta es siempre la misma: \u201cEn papel, dibujando mucho sobre papel\u201d. El dibujo a mano sobre papel para m\u00ed tiene todav\u00eda un grado de libertad o desinhibici\u00f3n que no encuentro en la pantalla de un dispositivo digital. Siempre comienzo a trabajar con mucho bocetaje general y detalles donde intento resolver o imaginarme zonas singulares del proyecto. El salto a lo digital en mi caso siempre viene en un segundo paso que implementa la parte m\u00e1s anal\u00f3gica.<\/p>\n<p>[Tweet &#8220;\u201cEl dibujo a mano, sobre papel tiene un grado de libertad que no encuentro en la pantalla digital\u201d&#8221;]<\/p>\n<p><em>\u00a0<a href=\"https:\/\/panelesach.com\/blog\/wp-content\/uploads\/2018\/04\/nacho-700x400.jpg\" target=\"_blank\" rel=\"noopener\"><img fetchpriority=\"high\" decoding=\"async\" class=\"aligncenter size-full wp-image-1126\" src=\"https:\/\/panelesach.com\/blog\/wp-content\/uploads\/2018\/04\/nacho-700x400.jpg\" alt=\"\" width=\"700\" height=\"400\" \/><\/a><\/em><\/p>\n<p>&nbsp;<\/p>\n<p><strong>A partir del 2008, la construcci\u00f3n sufri\u00f3 un rev\u00e9s en nuestro pa\u00eds \u00bfte afect\u00f3 como arquitecto?<\/strong><\/p>\n<p>Ese rev\u00e9s que coment\u00e1is, que cristaliz\u00f3 en 2008, ven\u00eda fragu\u00e1ndose desde hace a\u00f1os y realmente afect\u00f3 a muchos compa\u00f1eros. En particular a m\u00ed me impact\u00f3 de una manera diferente porque en esa \u00e9poca en el estudio hab\u00edamos dado un paso hacia dise\u00f1o y producci\u00f3n de exposiciones que era un campo en el que pod\u00edamos aplicar de manera mucho m\u00e1s r\u00e1pida y \u00e1gil las primeras investigaciones sobre fabricaci\u00f3n digital. Por supuesto nos alcanz\u00f3 porque la crisis se extendi\u00f3 a casi todos los \u00e1mbitos, los presupuestos destinados a cultura se vieron afectados y en cuesti\u00f3n de un par de a\u00f1os la reducci\u00f3n casi paraliz\u00f3 todo.<\/p>\n<p>&nbsp;<\/p>\n<p><strong>Desde 2012 has orientado tu carrera a la impresi\u00f3n 3D y la realizaci\u00f3n de prototipos \u00bfpor qu\u00e9 decidiste cambiar? <\/strong><\/p>\n<p>No estoy seguro si fue cambio o evoluci\u00f3n. De peque\u00f1o crec\u00ed en un ambiente donde gustaba mucho construir, en todos los aspectos, incluso ten\u00edamos un taller en casa. Durante la carrera tuve la oportunidad de trabajar mientras estudiaba y fui adquiriendo un poco m\u00e1s de perspectiva sobre los procesos y tiempos en la arquitectura. Desde 2007 he trabajado con dise\u00f1adores gr\u00e1ficos, publicistas, dise\u00f1adores industriales y eso ha activado nuevas inquietudes. Sin duda un hecho fundamental fue la puesta en funcionamiento en 2008 de FabLab Sevilla, el Laboratorio de Fabricaci\u00f3n Digital de la E.T.S.A. Sevilla. All\u00ed me dieron y me siguen dando la oportunidad de probar y experimentar el mundo de la fabricaci\u00f3n digital.<\/p>\n<p>&nbsp;<\/p>\n<p><strong>Radarq.net es otro proyecto en el que trabajas \u00bfc\u00f3mo lo definir\u00edas? \u00bfcu\u00e1les son vuestros objetivos? <\/strong><\/p>\n<p>Paco Gonz\u00e1lez y yo lo definimos como un estudio de geometr\u00eda variable. En funci\u00f3n de la naturaleza del proyecto buscamos integrarnos con otros profesionales de la arquitectura u otras disciplinas para ampliar o modificar la capacidad de respuesta. Desde Radarq.net intentamos explorar los procesos de dise\u00f1o colaborativo y su impacto en la ciudad mediante t\u00e9cnicas de participaci\u00f3n, dise\u00f1o y el concepto open source.<\/p>\n<p>[Tweet &#8220;\u201cEn Radarq.net intentamos explorar los procesos de dise\u00f1o colaborativo y su impacto en la ciudad\u201d&#8221;]<\/p>\n<p><em>\u00a0<\/em><\/p>\n<p><strong>\u00bfCu\u00e1les crees que son las posibilidades que a\u00fan no se conocen de la impresi\u00f3n 3D?<\/strong><\/p>\n<p>Como tecnolog\u00eda est\u00e1 en constante evoluci\u00f3n, especialmente en la \u00e9poca actual donde estamos hablando de grandes avances t\u00e9cnicos a veces en cuesti\u00f3n de menos de un a\u00f1o. Creo que a d\u00eda de hoy, hay un trabajo por hacer muy importante que es el de explicar las posibilidades que ya ofrece la impresi\u00f3n 3D. Esa creo que es la base para que una comunidad mucho mayor ampl\u00ede las posibilidades de la impresi\u00f3n 3D. En el fondo no deja de ser una herramienta, fascinante por supuesto, pero lo importante es lo que hagamos con ella.<\/p>\n<p>[Tweet &#8220;\u201cA\u00fan hay que explicar las posibilidades que ya ofrece la impresi\u00f3n 3D\u201d&#8221;]<\/p>\n<p>&nbsp;<\/p>\n<p><strong>\u00bfCu\u00e1l ha sido el proyecto m\u00e1s complicado t\u00e9cnicamente de sacar adelante? <\/strong><\/p>\n<p>Como producto, la <a href=\"http:\/\/www.12lab.net\/xpress-coffee-cup\/\" target=\"_blank\" rel=\"noopener\">Taza Xpress<\/a> por la complejidad a la hora de controlar el dise\u00f1o y los condicionantes para su fabricaci\u00f3n. En esa \u00e9poca era un material de fabricaci\u00f3n en fase Beta y controlar los espesores fue un reto del que aprend\u00ed much\u00edsimo.<\/p>\n<p>En el campo de la arquitectura ef\u00edmera con Radarq.net, la exposici\u00f3n de 2009 <a href=\"http:\/\/equipo.zemos98.org\/OVER-THE-GAME-la-primera\" target=\"_blank\" rel=\"noopener\">Over The Game<\/a> fue una oportunidad de poner en pr\u00e1ctica el dise\u00f1o param\u00e9trico en la creaci\u00f3n de una escenograf\u00eda con materiales como el cart\u00f3n y el MDF. Ambos proyectos marcaron claramente mi manera de afrontar la fase de dise\u00f1o y la resoluci\u00f3n t\u00e9cnica.<\/p>\n<p><a href=\"https:\/\/panelesach.com\/blog\/wp-content\/uploads\/2018\/04\/IMG_5797.jpg\" target=\"_blank\" rel=\"noopener\"><img decoding=\"async\" class=\"aligncenter wp-image-1127\" src=\"https:\/\/panelesach.com\/blog\/wp-content\/uploads\/2018\/04\/IMG_5797.jpg\" alt=\"\" width=\"578\" height=\"385\" \/><\/a><\/p>\n<p>&nbsp;<\/p>\n<p><strong>\u00bfC\u00f3mo crees que la impresi\u00f3n 3D encara el futuro? \u00bfCrees que con el tiempo, podremos llegar a tener en casa una impresora 3D?<\/strong><\/p>\n<p>Se ha escrito bastante sobre eso; podr\u00eda ser que una impresora llegara a consolidarse como un electrodom\u00e9stico m\u00e1s en casa pero no estoy seguro si es necesario, al menos con el concepto de impresora 3D que tenemos hoy en d\u00eda. Para m\u00ed tener una, significa capacidad y libertad para dise\u00f1ar y fabricar, para prototipar o resolver necesidades muy espec\u00edficas. Si el uso principal es reproducir piezas o imprimir modelos 3D de un repositorio no s\u00e9 si ser\u00eda necesario tener cada uno una m\u00e1quina as\u00ed en casa.<\/p>\n<p>[Tweet &#8220;&#8221;No estoy seguro si es necesario tener una impresora 3D en casa. Su objetivo es resolver necesidades espec\u00edficas\u201d&#8221;]<\/p>\n<p>&nbsp;<\/p>\n<p><strong>\u00bfCu\u00e1les son los materiales con los que prefieres trabajar? <\/strong><\/p>\n<p>En principio madera y metal porque admiten el uso de t\u00e9cnicas manuales y de fabricaci\u00f3n digital (CNC, l\u00e1ser, etc.). Si hablamos de impresi\u00f3n 3D por regla general he trabajado con derivados pl\u00e1sticos, aunque es verdad que he sacado algunos modelos de joyer\u00eda directamente impresa en acero.<\/p>\n<p>&nbsp;<\/p>\n<p><strong>Has trabajado como docente en diferentes cursos sobre impresi\u00f3n \u00bfcu\u00e1les son los retos m\u00e1s complejos a los que los alumnos deben enfrentarse?<\/strong><\/p>\n<p>Cada vez que trato el campo de la fabricaci\u00f3n digital y las t\u00e9cnicas de prototipado r\u00e1pido, sea con arquitectos, ingenieros, artistas o simplemente interesados en la materia, siempre me gusta comenzar el curso dici\u00e9ndoles que \u201cno es tan dif\u00edcil como parece ni tan f\u00e1cil como nos dicen\u201d. El reto principal lo encuentro en que comprendan que es importante identificar y conocer los l\u00edmites de una t\u00e9cnica de fabricaci\u00f3n como la impresi\u00f3n 3D y que desde ese punto lo conviertan en una ventaja a la hora de dise\u00f1ar, que integren esos condicionantes como un par\u00e1metro m\u00e1s.<\/p>\n<p><a href=\"https:\/\/panelesach.com\/blog\/wp-content\/uploads\/2018\/04\/shutterstock_196793492.jpg\" target=\"_blank\" rel=\"noopener\"><img decoding=\"async\" class=\"aligncenter wp-image-1135\" src=\"https:\/\/panelesach.com\/blog\/wp-content\/uploads\/2018\/04\/shutterstock_196793492.jpg\" alt=\"\" width=\"618\" height=\"412\" \/><\/a><\/p>\n<p>&nbsp;<\/p>\n<p><strong>Se usa cada vez m\u00e1s la impresi\u00f3n para grandes proyectos. \u00bfQu\u00e9 tipo de proyecto te gustar\u00eda llevar a cabo, que fuera enteramente impreso? <\/strong><\/p>\n<p>Creo que todav\u00eda no hay tecnolog\u00eda para hablar de proyectos enteramente impresos, o son investigaciones en fases iniciales. Me inclino, por ahora, a pensar en la integraci\u00f3n de materiales y t\u00e9cnicas. S\u00ed es verdad que veo mucho potencial en las investigaciones aplicadas a proyectos en zonas que han sufrido alguna cat\u00e1strofe, como ha hecho Shigeru Ban y sus proyectos de refugios para damnificados.<\/p>\n<p>[Tweet &#8220;&#8221;La impresi\u00f3n tiene mucho potencial en proyectos de zonas que han sufrido alguna cat\u00e1strofe\u201d&#8221;]<\/p>\n<p>&nbsp;<\/p>\n<p><strong>M\u00e1s all\u00e1 del trabajo de \u201coficina\u201d, la esfera digital tambi\u00e9n se trabaja. Las redes sociales son un medio de difusi\u00f3n esencial para arquitectos y dise\u00f1adores. \u00bfC\u00f3mo les sacas partido? \u00bfcu\u00e1l es tu red social favorita?<\/strong><\/p>\n<p>Sin duda las redes sociales digitales han sido fundamentales para mi formaci\u00f3n en los campos que desarrollo. Gracias a ellas he tenido acceso a la obra de artistas que por medios m\u00e1s convencionales no era posible. Dise\u00f1adores y arquitectos que no aparec\u00edan en los medios habituales de consulta. De la misma manera, me han facilitado acceder a art\u00edculos cient\u00edficos, documentaci\u00f3n t\u00e9cnica y manuales. Tambi\u00e9n me han ayudado a entablar contacto con profesionales de otros pa\u00edses. En la actualidad la mayor parte de la actividad en RRSS la llevo a cabo en Instagram por la facilidad de compartir contenido gr\u00e1fico, que es la base de mi producci\u00f3n, aunque es verdad que he pasado por Twitter, Tumblr, Flickr, etc.<\/p>\n<p>[Tweet &#8220;\u201cLas redes sociales me han facilitado acceder a material y establecer contactos con profesionales\u201d&#8221;]<\/p>\n<p>&nbsp;<\/p>\n<p><strong>De cara a este a\u00f1o 2018, \u00bfhay alg\u00fan proyecto que nos puedas adelantar? <\/strong><\/p>\n<p>Acabamos de lanzar p\u00fablicamente el proyecto <a href=\"http:\/\/www.agogostudio.com\" target=\"_blank\" rel=\"noopener\">aGoGo Studio<\/a> Es una iniciativa puesta en marcha con Muriel Romero S\u00e1nchez donde intentamos integrar dise\u00f1o, artesan\u00eda y fabricaci\u00f3n digital (corte CNC, l\u00e1ser e impresi\u00f3n 3D).<\/p>\n<p>&nbsp;<\/p>\n<p>&nbsp;<\/p>\n","protected":false},"excerpt":{"rendered":"<p>La arquitectura y la tecnolog\u00eda avanzan r\u00e1pido. Una de las tendencias con mayor evoluci\u00f3n es la impresi\u00f3n 3D. Hablamos con Nacho Dom\u00ednguez Adame, arquitecto y profesor especializado en este campo. \u00bfCu\u00e1les son los retos de la impresi\u00f3n? \u00bfqu\u00e9 ventajas ofrece? Nos lo cuenta. &nbsp; \u00bfPor qu\u00e9 te decidiste por la Arquitectura? \u00bfSiempre lo has tenido [&hellip;]<\/p>\n","protected":false},"author":1,"featured_media":7719,"comment_status":"open","ping_status":"open","sticky":false,"template":"","format":"standard","meta":{"_acf_changed":false,"footnotes":""},"categories":[5,182],"tags":[16,181,185],"class_list":["post-1125","post","type-post","status-publish","format-standard","has-post-thumbnail","hentry","category-arquitectura","category-tendencias","tag-construccion","tag-impresion-3d","tag-diseno"],"acf":[],"_links":{"self":[{"href":"https:\/\/www.panelesach.com\/en\/wp-json\/wp\/v2\/posts\/1125","targetHints":{"allow":["GET"]}}],"collection":[{"href":"https:\/\/www.panelesach.com\/en\/wp-json\/wp\/v2\/posts"}],"about":[{"href":"https:\/\/www.panelesach.com\/en\/wp-json\/wp\/v2\/types\/post"}],"author":[{"embeddable":true,"href":"https:\/\/www.panelesach.com\/en\/wp-json\/wp\/v2\/users\/1"}],"replies":[{"embeddable":true,"href":"https:\/\/www.panelesach.com\/en\/wp-json\/wp\/v2\/comments?post=1125"}],"version-history":[{"count":0,"href":"https:\/\/www.panelesach.com\/en\/wp-json\/wp\/v2\/posts\/1125\/revisions"}],"wp:featuredmedia":[{"embeddable":true,"href":"https:\/\/www.panelesach.com\/en\/wp-json\/wp\/v2\/media\/7719"}],"wp:attachment":[{"href":"https:\/\/www.panelesach.com\/en\/wp-json\/wp\/v2\/media?parent=1125"}],"wp:term":[{"taxonomy":"category","embeddable":true,"href":"https:\/\/www.panelesach.com\/en\/wp-json\/wp\/v2\/categories?post=1125"},{"taxonomy":"post_tag","embeddable":true,"href":"https:\/\/www.panelesach.com\/en\/wp-json\/wp\/v2\/tags?post=1125"}],"curies":[{"name":"wp","href":"https:\/\/api.w.org\/{rel}","templated":true}]}}